{"id":8643,"date":"2024-07-18T16:13:06","date_gmt":"2024-07-18T14:13:06","guid":{"rendered":"https:\/\/pasaenmendoza.com\/?p=8643"},"modified":"2024-07-18T16:13:08","modified_gmt":"2024-07-18T14:13:08","slug":"cornejo-recordo-a-las-victimas-del-atentado-a-la-amia-y-encabezara-un-homenaje","status":"publish","type":"post","link":"https:\/\/pasaenmendoza.com\/?p=8643","title":{"rendered":"Cornejo record\u00f3 a las v\u00edctimas del atentado a la AMIA y encabezar\u00e1 un homenaje"},"content":{"rendered":"\n<p>El gobernador mendocino public\u00f3 un mensaje en redes sociales conmemorando un nuevo aniversario del atentado terrorista en el que murieron 85 personas. Durante la ma\u00f1ana participar\u00e1 de un acto.<\/p>\n\n\n\n<p>El gobernador<strong>\u00a0Alfredo Cornejo<\/strong>\u00a0record\u00f3 este jueves 18 de julio a las v\u00edctimas del\u00a0<strong>atentado a la AMIA<\/strong>, al cumplirse 30 a\u00f1os de la voladura de la sede de la mutual israelita en la que fueron asesinadas 85 personas.<\/p>\n\n\n\n<p>A trav\u00e9s de un mensaje en redes sociales, el mandatario mendocino expres\u00f3: \u201cCada 18 de julio, conmemoramos el D\u00eda de la Memoria Activa, recordando con profundo respeto y solidaridad a las v\u00edctimas del atentado a la\u00a0<strong>AMIA<\/strong>. En este sentido, renovamos nuestro compromiso con la b\u00fasqueda de verdad y justicia, promoviendo una cultura de respeto, paz y defensa de los derechos humanos\u201d.<\/p>\n\n\n\n<p>Este jueves se cumplen 30 a\u00f1os del atentado a la&nbsp;<strong>AMIA<\/strong>, en el que murieron 85 personas que se encontraban haciendo tr\u00e1mites o trabajando en el edificio ubicado en calle Pasteur de la Ciudad Aut\u00f3noma de Buenos Aires.<\/p>\n\n\n\n<p>En tanto, durante esta ma\u00f1ana el gobernador Cornejo participar\u00e1 del acto por el \u201cD\u00eda de la Memoria Activa\u201d para recordar y homenajear a las v\u00edctimas del mayor atentado terrorista de la historia argentina.<\/p>\n\n\n\n<p>Este encuentro se desarrollar\u00e1 en el espacio Luis Quesada, en el hall central de la planta baja de Casa de Gobierno y contar\u00e1 con la participaci\u00f3n de los representantes mendocinos de la Delegaci\u00f3n de Asociaciones Israelitas Argentinas (DAIA) y la Sociedad Israelita de Beneficencia.<\/p>\n\n\n\n<p>FUENTE: MDZonline.<\/p>\n","protected":false},"excerpt":{"rendered":"<p>El gobernador mendocino public\u00f3 un mensaje en redes sociales conmemorando un nuevo aniversario del atentado terrorista en el que murieron 85 personas. Durante la ma\u00f1ana participar\u00e1 de un acto. El gobernador\u00a0Alfredo Cornejo\u00a0record\u00f3 este jueves 18 de julio a las v\u00edctimas del\u00a0atentado a la AMIA, al cumplirse 30 a\u00f1os de la voladura de la sede de [&hellip;]<\/p>\n","protected":false},"author":2,"featured_media":8644,"comment_status":"open","ping_status":"open","sticky":true,"template":"","format":"standard","meta":[],"categories":[47],"tags":[],"_links":{"self":[{"href":"https:\/\/pasaenmendoza.com\/index.php?rest_route=\/wp\/v2\/posts\/8643"}],"collection":[{"href":"https:\/\/pasaenmendoza.com\/index.php?rest_route=\/wp\/v2\/posts"}],"about":[{"href":"https:\/\/pasaenmendoza.com\/index.php?rest_route=\/wp\/v2\/types\/post"}],"author":[{"embeddable":true,"href":"https:\/\/pasaenmendoza.com\/index.php?rest_route=\/wp\/v2\/users\/2"}],"replies":[{"embeddable":true,"href":"https:\/\/pasaenmendoza.com\/index.php?rest_route=%2Fwp%2Fv2%2Fcomments&post=8643"}],"version-history":[{"count":1,"href":"https:\/\/pasaenmendoza.com\/index.php?rest_route=\/wp\/v2\/posts\/8643\/revisions"}],"predecessor-version":[{"id":8645,"href":"https:\/\/pasaenmendoza.com\/index.php?rest_route=\/wp\/v2\/posts\/8643\/revisions\/8645"}],"wp:featuredmedia":[{"embeddable":true,"href":"https:\/\/pasaenmendoza.com\/index.php?rest_route=\/wp\/v2\/media\/8644"}],"wp:attachment":[{"href":"https:\/\/pasaenmendoza.com\/index.php?rest_route=%2Fwp%2Fv2%2Fmedia&parent=8643"}],"wp:term":[{"taxonomy":"category","embeddable":true,"href":"https:\/\/pasaenmendoza.com\/index.php?rest_route=%2Fwp%2Fv2%2Fcategories&post=8643"},{"taxonomy":"post_tag","embeddable":true,"href":"https:\/\/pasaenmendoza.com\/index.php?rest_route=%2Fwp%2Fv2%2Ftags&post=8643"}],"curies":[{"name":"wp","href":"https:\/\/api.w.org\/{rel}","templated":true}]}}