{"id":8646,"date":"2024-07-18T16:18:07","date_gmt":"2024-07-18T14:18:07","guid":{"rendered":"https:\/\/pasaenmendoza.com\/?p=8646"},"modified":"2024-07-18T16:18:09","modified_gmt":"2024-07-18T14:18:09","slug":"el-gobierno-dio-detalles-de-la-minera-australiana-que-ya-tiene-oficina-en-mendoza","status":"publish","type":"post","link":"https:\/\/pasaenmendoza.com\/?p=8646","title":{"rendered":"El Gobierno dio detalles de la minera australiana que ya tiene oficina en Mendoza"},"content":{"rendered":"\n<p>El subsecretario de Ambiente, Jer\u00f3nimo Shantal, present\u00f3 el Digesto Minero. La empresa Ampere Lithium ya est\u00e1 afincada en Mendoza para extraer minerales en Malarg\u00fce.<\/p>\n\n\n\n<p><strong>Ampere Lithium<\/strong>&nbsp;es la primera empresa minera extranjera que confirm\u00f3 su inversi\u00f3n en la provincia de&nbsp;<strong>Mendoza<\/strong>&nbsp;<mark>para la extracci\u00f3n de metales claves en la construcci\u00f3n de bater\u00edas<\/mark>, en zonas de&nbsp;<strong>Malarg\u00fce y San Rafael.<\/strong>&nbsp;En la presentaci\u00f3n de un&nbsp;<strong>Digesto Minero<\/strong>, el&nbsp;<strong>Gobierno de Mendoza<\/strong>&nbsp;dio algunos detalles sobre la instalaci\u00f3n de la firma extranjera como&nbsp;<strong>sociedad inscripta en la provincia<\/strong>.<\/p>\n\n\n\n<p>El Bolet\u00edn Oficial de la Provincia dio un adelanto este mi\u00e9rcoles de la instalaci\u00f3n de Ampere Lithium, pero lo ampli\u00f3 tambi\u00e9n en el acto que se realiz\u00f3 en la tarde de este mi\u00e9rcoles con la&nbsp;<mark>presentaci\u00f3n del Digesto Minero, a cargo del Director de Miner\u00eda,<strong>&nbsp;Jer\u00f3nimo Shantal<\/strong>, que concentra las normas mineras que regulan al sector en la provincia, luego de varias reformas hechas por el Ejecutivo.<\/mark><\/p>\n\n\n\n<p>El acto, en la Legislatura, cont\u00f3 con la participaci\u00f3n de la vicegobernadora&nbsp;<strong>Hebe Casado<\/strong>; la ministra de Energ\u00eda y Ambiente,&nbsp;<strong>Jimena Latorre<\/strong>, y el intendente de Malarg\u00fce,&nbsp;<strong>Celso Jaque<\/strong>.<\/p>\n\n\n\n<p>Al ser consultado por los inversores interesados en establecer sus proyectos mineros en Mendoza, Shantal<mark>&nbsp;coment\u00f3 que los contactos de las empresas extranjeras llegan \u201c<em>todo el tiempo<\/em>\u201c<\/mark>. Pero destac\u00f3 la inscripci\u00f3n de la empresa australiana: \u201c<em>Son anuncios que se est\u00e1n materializando con hechos y ya tiene oficina en Mendoza<\/em>\u201c.<\/p>\n\n\n\n<p>El&nbsp;<strong>director de Miner\u00eda<\/strong>&nbsp;afirm\u00f3 que el R\u00e9gimen de Incentivo a las Grandes Inversiones aprobada con la Ley Bases, \u201c<em>trae seguridad y estabilidad jur\u00eddica para las inversiones<\/em>\u201c.&nbsp;<mark>Un factor que remarc\u00f3 como lo necesario para atraer a las empresas extranjeras.<\/mark><\/p>\n\n\n\n<p><strong>Casado<\/strong>\u00a0explic\u00f3 que la llegada de Ampere Lithium\u00a0<mark>se dio gracias a la conexi\u00f3n el\u00e9ctrica y terrestre (para la movilizaci\u00f3n de los minerales extra\u00eddos), con la que la empresa contar\u00e1 al instalarse en Mendoza.<\/mark><\/p>\n\n\n\n<p>La vicegobernadora destac\u00f3 ese detalle para captar al inversor, ya que la empresa extranjera ten\u00eda en la mesa la oferta del&nbsp;<strong>Gobierno de Salta<\/strong>&nbsp;que, seg\u00fan afirm\u00f3 Casado,<mark>&nbsp;fue descartada por no contar con estas facilidades.<\/mark><\/p>\n\n\n\n<p>Sin embargo, Casado asegur\u00f3 que<mark>&nbsp;la propia empresa va a construir gran parte de la infraestructura para la ejecuci\u00f3n de la actividad minera<\/mark>&nbsp;en la provincia: \u201c<em>Las empresas mineras son las que llevan la infraestructura en el lugar donde quieran explotar el mineral\u201d.<\/em><\/p>\n\n\n\n<p>La infraestructura necesaria para implementar la explotaci\u00f3n minera es&nbsp;<mark>el gran desaf\u00edo al que se enfrentan los responsables del Poder Ejecutivo en la provincia de Mendoza<\/mark>. As\u00ed lo destac\u00f3&nbsp;<strong>Celso Jaque<\/strong>, actual intendente de&nbsp;<strong>Malarg\u00fce&nbsp;<\/strong>y exgobernador de la provincia.<\/p>\n\n\n\n<p>Para esto, Jaque entiende como indispensable el \u201c<em>involucramiento de lo que son los dos niveles del gobierno, el\u00a0<strong>municipal y el provincial<\/strong><\/em>\u201c. Y sum\u00f3 la importancia de\u00a0<mark>comprometer en esta tarea al\u00a0<strong>Gobierno Nacional<\/strong><\/mark>\u00a0para generar un compromiso que realice la explotaci\u00f3n minera en territorio mendocino, que describi\u00f3 como un\u00a0<em><strong>\u201cboom econ\u00f3mico\u201d<\/strong><\/em>.<\/p>\n\n\n\n<p>Precisamente, el secretario de&nbsp;<strong>Miner\u00eda de la Naci\u00f3n<\/strong>,&nbsp;<strong>Luis Lucero,&nbsp;<\/strong>estuvo presente en la presentaci\u00f3n del Digesto Minero,&nbsp;<mark>agradeci\u00f3 a Shantal por su trabajo y alent\u00f3 la actividad minera en la provincia.<\/mark><\/p>\n\n\n\n<h2 class=\"wp-block-heading\" id=\"h-otro-clima-para-invertir\">Otro clima para invertir<\/h2>\n\n\n\n<p>Casado determin\u00f3 que los avances que presumen en este sector econ\u00f3mico\u00a0<mark>mostrar\u00e1 resultados palpables dentro de aproximadamente 5 a\u00f1os.\u00a0<\/mark>\u201c<em>Es probable que en nuestra gesti\u00f3n, ni Alfredo (Cornejo), ni yo, podamos ver los resultados econ\u00f3micos reales de la explotaci\u00f3n de minerales como el cobre<\/em>\u201c, consider\u00f3.<\/p>\n\n\n\n<p>Para Casado, las gestiones que est\u00e1n realizando sirven para \u201c<em><strong>poner las bases<\/strong>&nbsp;de crecimiento para esta actividad econ\u00f3mica<\/em>\u201c.<\/p>\n\n\n\n<p>En el Gobierno aseguran que Ampere Lithium ser\u00e1 solo la primera de varias inversiones del sector privado extranjero en la miner\u00eda mendocina. Estiman que el contexto actual es muy diferente al de&nbsp;<strong>2019<\/strong>,&nbsp;<mark>cuando la gesti\u00f3n de Rodolfo Suarez derog\u00f3 la ley 7722, pero se enfrent\u00f3 a las movilizaciones sociales y se vio obligado a volver atr\u00e1s.<\/mark><\/p>\n\n\n\n<p>Para despejar dudas, Shantal asegur\u00f3 que el\u00a0<mark>factor ambiental es parte del eje central de la nueva regulaci\u00f3n minera de la provincia<\/mark>.<\/p>\n\n\n\n<p>Para Casado, las gestiones que est\u00e1n realizando sirven para \u201c<em><strong>poner las bases<\/strong>&nbsp;de crecimiento para esta actividad econ\u00f3mica<\/em>\u201c.<\/p>\n\n\n\n<p>En el Gobierno aseguran que Ampere Lithium ser\u00e1 solo la primera de varias inversiones del sector privado extranjero en la miner\u00eda mendocina. Estiman que el contexto actual es muy diferente al de&nbsp;<strong>2019<\/strong>,&nbsp;<mark>cuando la gesti\u00f3n de Rodolfo Suarez derog\u00f3 la ley 7722, pero se enfrent\u00f3 a las movilizaciones sociales y se vio obligado a volver atr\u00e1s.<\/mark><\/p>\n\n\n\n<p>Para despejar dudas, Shantal asegur\u00f3 que el\u00a0<mark>factor ambiental es parte del eje central de la nueva regulaci\u00f3n minera de la provincia<\/mark>.<\/p>\n\n\n\n<p>FUENTE: Elsol.com.ar <\/p>\n","protected":false},"excerpt":{"rendered":"<p>El subsecretario de Ambiente, Jer\u00f3nimo Shantal, present\u00f3 el Digesto Minero. La empresa Ampere Lithium ya est\u00e1 afincada en Mendoza para extraer minerales en Malarg\u00fce. Ampere Lithium&nbsp;es la primera empresa minera extranjera que confirm\u00f3 su inversi\u00f3n en la provincia de&nbsp;Mendoza&nbsp;para la extracci\u00f3n de metales claves en la construcci\u00f3n de bater\u00edas, en zonas de&nbsp;Malarg\u00fce y San Rafael.&nbsp;En [&hellip;]<\/p>\n","protected":false},"author":2,"featured_media":8647,"comment_status":"open","ping_status":"open","sticky":true,"template":"","format":"standard","meta":[],"categories":[47],"tags":[],"_links":{"self":[{"href":"https:\/\/pasaenmendoza.com\/index.php?rest_route=\/wp\/v2\/posts\/8646"}],"collection":[{"href":"https:\/\/pasaenmendoza.com\/index.php?rest_route=\/wp\/v2\/posts"}],"about":[{"href":"https:\/\/pasaenmendoza.com\/index.php?rest_route=\/wp\/v2\/types\/post"}],"author":[{"embeddable":true,"href":"https:\/\/pasaenmendoza.com\/index.php?rest_route=\/wp\/v2\/users\/2"}],"replies":[{"embeddable":true,"href":"https:\/\/pasaenmendoza.com\/index.php?rest_route=%2Fwp%2Fv2%2Fcomments&post=8646"}],"version-history":[{"count":1,"href":"https:\/\/pasaenmendoza.com\/index.php?rest_route=\/wp\/v2\/posts\/8646\/revisions"}],"predecessor-version":[{"id":8648,"href":"https:\/\/pasaenmendoza.com\/index.php?rest_route=\/wp\/v2\/posts\/8646\/revisions\/8648"}],"wp:featuredmedia":[{"embeddable":true,"href":"https:\/\/pasaenmendoza.com\/index.php?rest_route=\/wp\/v2\/media\/8647"}],"wp:attachment":[{"href":"https:\/\/pasaenmendoza.com\/index.php?rest_route=%2Fwp%2Fv2%2Fmedia&parent=8646"}],"wp:term":[{"taxonomy":"category","embeddable":true,"href":"https:\/\/pasaenmendoza.com\/index.php?rest_route=%2Fwp%2Fv2%2Fcategories&post=8646"},{"taxonomy":"post_tag","embeddable":true,"href":"https:\/\/pasaenmendoza.com\/index.php?rest_route=%2Fwp%2Fv2%2Ftags&post=8646"}],"curies":[{"name":"wp","href":"https:\/\/api.w.org\/{rel}","templated":true}]}}