{"id":8650,"date":"2024-07-18T16:21:11","date_gmt":"2024-07-18T14:21:11","guid":{"rendered":"https:\/\/pasaenmendoza.com\/?p=8650"},"modified":"2024-07-18T16:21:12","modified_gmt":"2024-07-18T14:21:12","slug":"cornejo-a-arrieta-no-es-correcto-simbolizar-cosas-que-han-sido-juzgadas","status":"publish","type":"post","link":"https:\/\/pasaenmendoza.com\/?p=8650","title":{"rendered":"Cornejo a Arrieta: &#8220;No es correcto simbolizar cosas que han sido juzgadas&#8221;"},"content":{"rendered":"\n<p>El Gobernador\u00a0<strong>Alfredo Cornejo<\/strong>\u00a0opin\u00f3 este mi\u00e9rcoles tras la pol\u00e9mica reuni\u00f3n que organizaron los\u00a0diputados nacionales de La Libertad Avanza en la c\u00e1rcel de Ezeiza.<\/p>\n\n\n\n<p>Los diputados, entre ellos la mendocina Lourdes Arrieta, fueron hasta la c\u00e1rcel donde se encuentran&nbsp;<strong>Alfredo Astiz, Ra\u00fal Guglielminetti, Carlos Su\u00e1rez Mason (hijo), Antonio Pern\u00edas, Gerardo Arr\u00e1ez, el &#8220;P\u00e1jaro&#8221; Mart\u00ednez Ru\u00edz, Agust\u00edn Oyarz\u00e1bal Navarro, el uruguayo Juan Manuel Cordero, Mario &#8220;el Cura&#8221; Marcote, Miguel \u00c1ngel Britos y Adolfo Donda<\/strong>, todos ellos&nbsp;condenados a prisi\u00f3n perpetua por delitos de lesa humanidad.<\/p>\n\n\n\n<p>&#8220;Desconozco en qu\u00e9 contexto se han dado, pero no me parece correcto simbolizar cosas que han sido juzgadas y condenadas en procesos institucionalmente limpios, sin objeciones internacionales y de todo tipo&#8221;, se\u00f1al\u00f3.<\/p>\n\n\n\n<p>\u00bfQui\u00e9n es&nbsp;<strong>Alfredo Astiz?<\/strong><\/p>\n\n\n\n<p><strong>Alfredo Astiz<\/strong>, exmiembro de la Armada, est\u00e1 condenado a perpetua sin posibilidad de arresto domiciliario por tratarse de delitos de lesa humanidad: secuestros, torturas y desaparici\u00f3n de personas, incluidas&nbsp;<strong>dos monjas francesas<\/strong>, por lo que fue sentenciado por la Justicia de aquel pa\u00eds.<\/p>\n\n\n\n<p>Se recuerda a\u00a0<strong>Astiz<\/strong>\u00a0tambi\u00e9n por su rol de esp\u00eda:\u00a0<strong>se infiltr\u00f3 en organizaciones de derechos humanos<\/strong>, como\u00a0<strong>Madres de Plaza de Mayo<\/strong>, de donde obtuvo informaci\u00f3n previa a los secuestros. Tambi\u00e9n cumpli\u00f3 esa funci\u00f3n afuera de Argentina: se infiltr\u00f3 en el Comit\u00e9 Argentino de Informaci\u00f3n y Solidaridad que funcionaba en Par\u00eds.<\/p>\n\n\n\n<p>FUENTE: Mendozapost.<\/p>\n","protected":false},"excerpt":{"rendered":"<p>El Gobernador\u00a0Alfredo Cornejo\u00a0opin\u00f3 este mi\u00e9rcoles tras la pol\u00e9mica reuni\u00f3n que organizaron los\u00a0diputados nacionales de La Libertad Avanza en la c\u00e1rcel de Ezeiza. Los diputados, entre ellos la mendocina Lourdes Arrieta, fueron hasta la c\u00e1rcel donde se encuentran&nbsp;Alfredo Astiz, Ra\u00fal Guglielminetti, Carlos Su\u00e1rez Mason (hijo), Antonio Pern\u00edas, Gerardo Arr\u00e1ez, el &#8220;P\u00e1jaro&#8221; Mart\u00ednez Ru\u00edz, Agust\u00edn Oyarz\u00e1bal Navarro, [&hellip;]<\/p>\n","protected":false},"author":2,"featured_media":8651,"comment_status":"open","ping_status":"open","sticky":true,"template":"","format":"standard","meta":[],"categories":[47],"tags":[],"_links":{"self":[{"href":"https:\/\/pasaenmendoza.com\/index.php?rest_route=\/wp\/v2\/posts\/8650"}],"collection":[{"href":"https:\/\/pasaenmendoza.com\/index.php?rest_route=\/wp\/v2\/posts"}],"about":[{"href":"https:\/\/pasaenmendoza.com\/index.php?rest_route=\/wp\/v2\/types\/post"}],"author":[{"embeddable":true,"href":"https:\/\/pasaenmendoza.com\/index.php?rest_route=\/wp\/v2\/users\/2"}],"replies":[{"embeddable":true,"href":"https:\/\/pasaenmendoza.com\/index.php?rest_route=%2Fwp%2Fv2%2Fcomments&post=8650"}],"version-history":[{"count":1,"href":"https:\/\/pasaenmendoza.com\/index.php?rest_route=\/wp\/v2\/posts\/8650\/revisions"}],"predecessor-version":[{"id":8652,"href":"https:\/\/pasaenmendoza.com\/index.php?rest_route=\/wp\/v2\/posts\/8650\/revisions\/8652"}],"wp:featuredmedia":[{"embeddable":true,"href":"https:\/\/pasaenmendoza.com\/index.php?rest_route=\/wp\/v2\/media\/8651"}],"wp:attachment":[{"href":"https:\/\/pasaenmendoza.com\/index.php?rest_route=%2Fwp%2Fv2%2Fmedia&parent=8650"}],"wp:term":[{"taxonomy":"category","embeddable":true,"href":"https:\/\/pasaenmendoza.com\/index.php?rest_route=%2Fwp%2Fv2%2Fcategories&post=8650"},{"taxonomy":"post_tag","embeddable":true,"href":"https:\/\/pasaenmendoza.com\/index.php?rest_route=%2Fwp%2Fv2%2Ftags&post=8650"}],"curies":[{"name":"wp","href":"https:\/\/api.w.org\/{rel}","templated":true}]}}