{"id":866,"date":"2023-08-23T15:03:24","date_gmt":"2023-08-23T13:03:24","guid":{"rendered":"https:\/\/pasaenmendoza.com\/?p=866"},"modified":"2023-08-23T15:03:25","modified_gmt":"2023-08-23T13:03:25","slug":"camara-testigo-asi-se-mostro-armado-uno-de-los-delincuentes-que-enfrento-a-la-policia-en-las-heras","status":"publish","type":"post","link":"https:\/\/pasaenmendoza.com\/?p=866","title":{"rendered":"C\u00e1mara testigo: as\u00ed se mostr\u00f3 armado uno de los delincuentes que enfrent\u00f3 a la polic\u00eda en Las Heras"},"content":{"rendered":"\n<p>Momentos de tensi\u00f3n se vivieron nuevamente la tarde de este martes en\u00a0<strong>Las Heras\u00a0<\/strong>durante un intento de robo al dep\u00f3sito de una conocida cadena de supermercados. Malvivientes se enfrentaron a los polic\u00edas y hubo piedrazos, tiros y corridas.<\/p>\n\n\n\n<p>En medio del conflicto, una preocupante imagen fue captada por un testigo a trav\u00e9s de la c\u00e1mara de su celular y se viraliz\u00f3 a trav\u00e9s de las redes sociales.\u00a0<mark>El video muestra a uno de los delincuentes exhibiendo dos pistolas a los uniformados<\/mark>.<\/p>\n\n\n\n<p>Encapuchado y con gorra, vistiendo ropas oscuras y con un arma en cada mano, el sujeto se par\u00f3 en medio de calle, mientras le hac\u00eda ademanes a los funcionarios que participaban del operativo y trataban de controlar la situaci\u00f3n.<\/p>\n\n\n\n<p>Finalmente, los maleantes fueron dispersados a trav\u00e9s de un importante despliegue policial en ese sector donde est\u00e1 ubicado el\u00a0<strong>barrio Santa Teresita\u00a0<\/strong>y otros complejos considerados \u201cpeligrosos\u201d y hubo un total de seis aprehendidos, que quedaron a disposici\u00f3n de la Justicia.<\/p>\n\n\n\n<p><strong>Fuente: www.elsol.com.ar<\/strong><\/p>\n","protected":false},"excerpt":{"rendered":"<p>Momentos de tensi\u00f3n se vivieron nuevamente la tarde de este martes en\u00a0Las Heras\u00a0durante un intento de robo al dep\u00f3sito de una conocida cadena de supermercados. Malvivientes se enfrentaron a los polic\u00edas y hubo piedrazos, tiros y corridas. En medio del conflicto, una preocupante imagen fue captada por un testigo a trav\u00e9s de la c\u00e1mara de [&hellip;]<\/p>\n","protected":false},"author":2,"featured_media":867,"comment_status":"open","ping_status":"open","sticky":false,"template":"","format":"standard","meta":[],"categories":[48],"tags":[],"_links":{"self":[{"href":"https:\/\/pasaenmendoza.com\/index.php?rest_route=\/wp\/v2\/posts\/866"}],"collection":[{"href":"https:\/\/pasaenmendoza.com\/index.php?rest_route=\/wp\/v2\/posts"}],"about":[{"href":"https:\/\/pasaenmendoza.com\/index.php?rest_route=\/wp\/v2\/types\/post"}],"author":[{"embeddable":true,"href":"https:\/\/pasaenmendoza.com\/index.php?rest_route=\/wp\/v2\/users\/2"}],"replies":[{"embeddable":true,"href":"https:\/\/pasaenmendoza.com\/index.php?rest_route=%2Fwp%2Fv2%2Fcomments&post=866"}],"version-history":[{"count":1,"href":"https:\/\/pasaenmendoza.com\/index.php?rest_route=\/wp\/v2\/posts\/866\/revisions"}],"predecessor-version":[{"id":868,"href":"https:\/\/pasaenmendoza.com\/index.php?rest_route=\/wp\/v2\/posts\/866\/revisions\/868"}],"wp:featuredmedia":[{"embeddable":true,"href":"https:\/\/pasaenmendoza.com\/index.php?rest_route=\/wp\/v2\/media\/867"}],"wp:attachment":[{"href":"https:\/\/pasaenmendoza.com\/index.php?rest_route=%2Fwp%2Fv2%2Fmedia&parent=866"}],"wp:term":[{"taxonomy":"category","embeddable":true,"href":"https:\/\/pasaenmendoza.com\/index.php?rest_route=%2Fwp%2Fv2%2Fcategories&post=866"},{"taxonomy":"post_tag","embeddable":true,"href":"https:\/\/pasaenmendoza.com\/index.php?rest_route=%2Fwp%2Fv2%2Ftags&post=866"}],"curies":[{"name":"wp","href":"https:\/\/api.w.org\/{rel}","templated":true}]}}