{"id":8661,"date":"2024-07-18T23:56:52","date_gmt":"2024-07-18T21:56:52","guid":{"rendered":"https:\/\/pasaenmendoza.com\/?p=8661"},"modified":"2024-07-18T23:56:53","modified_gmt":"2024-07-18T21:56:53","slug":"intensificaran-los-controles-por-el-dia-del-amigo-asi-seran-los-operativos-en-mendoza","status":"publish","type":"post","link":"https:\/\/pasaenmendoza.com\/?p=8661","title":{"rendered":"Intensificar\u00e1n los controles por el D\u00eda del Amigo: as\u00ed ser\u00e1n los operativos en Mendoza"},"content":{"rendered":"\n<p>En el marco del\u00a0D\u00eda del Amigo, que se celebra este s\u00e1bado 20 de julio, el\u00a0<strong>Ministerio de Seguridad y Justicia<\/strong>\u00a0realizar\u00e1 un operativo especial junto a los municipios de la provincia.\u00a0<strong>M\u00e1s controles y campa\u00f1as de concientizaci\u00f3n<\/strong>, los puntos claves.<\/p>\n\n\n\n<p>Seg\u00fan explicaron desde la cartera que conduce Mercedes Rus,&nbsp;<strong>desde el viernes por la ma\u00f1ana y hasta el lunes, se reforzar\u00e1n controles&nbsp;<\/strong>en zonas de locales gastron\u00f3micos, rutas, boliches, espacios verdes, espejos de agua y alta monta\u00f1a.<\/p>\n\n\n\n<p>Los efectivos estar\u00e1n desplegados en puestos fijos y m\u00f3viles ubicados en puntos estrat\u00e9gicos como la calle Ar\u00edstides Villanueva, Peatonal Sarmiento, Parque Central, San Mart\u00edn Sur, zona de Chacras de Coria, y \u00e1reas de boliches y parques en toda la provincia.<\/p>\n\n\n\n<p>La Polic\u00eda Vial trabajar\u00e1 en conjunto con los organismos de tr\u00e1nsito municipal para llevar a cabo controles. Adem\u00e1s, la subdirecci\u00f3n de Control de Eventos y Locales de Esparcimiento<strong>&nbsp;intensificar\u00e1 las inspecciones en bares y restaurantes&nbsp;<\/strong>de Mendoza.<\/p>\n\n\n\n<h2 class=\"wp-block-heading\" id=\"h-campana-de-concientizacion\">Campa\u00f1a de concientizaci\u00f3n<\/h2>\n\n\n\n<p>Con el objetivo de prevenir accidentes viales y promover un ambiente seguro para los mendocinos y visitantes, el Gobierno provincial lanz\u00f3 la campa\u00f1a:<em>\u00a0\u201c\u00a1Hoy cuido a mis amigos, hoy soy conductor designado!\u201d.<\/em><\/p>\n\n\n\n<p>Seg\u00fan explicaron, la iniciativa busca generar conciencia en los ciudadanos sobre la importancia de adoptar conductas responsables al manejar durante las celebraciones, remarcando<strong>&nbsp;los peligros que implica exponerse al volante tras ingerir alcohol<\/strong>,<\/p>\n\n\n\n<p>De esta manera, se promueve que se \u201cdesigne\u201d a un conductor responsable para los festejos.<\/p>\n\n\n\n<p>Fuente: www.elsol.com.ar<\/p>\n","protected":false},"excerpt":{"rendered":"<p>En el marco del\u00a0D\u00eda del Amigo, que se celebra este s\u00e1bado 20 de julio, el\u00a0Ministerio de Seguridad y Justicia\u00a0realizar\u00e1 un operativo especial junto a los municipios de la provincia.\u00a0M\u00e1s controles y campa\u00f1as de concientizaci\u00f3n, los puntos claves. Seg\u00fan explicaron desde la cartera que conduce Mercedes Rus,&nbsp;desde el viernes por la ma\u00f1ana y hasta el lunes, [&hellip;]<\/p>\n","protected":false},"author":2,"featured_media":8662,"comment_status":"open","ping_status":"open","sticky":false,"template":"","format":"standard","meta":[],"categories":[48],"tags":[],"_links":{"self":[{"href":"https:\/\/pasaenmendoza.com\/index.php?rest_route=\/wp\/v2\/posts\/8661"}],"collection":[{"href":"https:\/\/pasaenmendoza.com\/index.php?rest_route=\/wp\/v2\/posts"}],"about":[{"href":"https:\/\/pasaenmendoza.com\/index.php?rest_route=\/wp\/v2\/types\/post"}],"author":[{"embeddable":true,"href":"https:\/\/pasaenmendoza.com\/index.php?rest_route=\/wp\/v2\/users\/2"}],"replies":[{"embeddable":true,"href":"https:\/\/pasaenmendoza.com\/index.php?rest_route=%2Fwp%2Fv2%2Fcomments&post=8661"}],"version-history":[{"count":1,"href":"https:\/\/pasaenmendoza.com\/index.php?rest_route=\/wp\/v2\/posts\/8661\/revisions"}],"predecessor-version":[{"id":8663,"href":"https:\/\/pasaenmendoza.com\/index.php?rest_route=\/wp\/v2\/posts\/8661\/revisions\/8663"}],"wp:featuredmedia":[{"embeddable":true,"href":"https:\/\/pasaenmendoza.com\/index.php?rest_route=\/wp\/v2\/media\/8662"}],"wp:attachment":[{"href":"https:\/\/pasaenmendoza.com\/index.php?rest_route=%2Fwp%2Fv2%2Fmedia&parent=8661"}],"wp:term":[{"taxonomy":"category","embeddable":true,"href":"https:\/\/pasaenmendoza.com\/index.php?rest_route=%2Fwp%2Fv2%2Fcategories&post=8661"},{"taxonomy":"post_tag","embeddable":true,"href":"https:\/\/pasaenmendoza.com\/index.php?rest_route=%2Fwp%2Fv2%2Ftags&post=8661"}],"curies":[{"name":"wp","href":"https:\/\/api.w.org\/{rel}","templated":true}]}}