{"id":8667,"date":"2024-07-19T00:06:38","date_gmt":"2024-07-18T22:06:38","guid":{"rendered":"https:\/\/pasaenmendoza.com\/?p=8667"},"modified":"2024-07-19T00:06:39","modified_gmt":"2024-07-18T22:06:39","slug":"que-productos-dejaron-de-comprar-los-mendocinos-en-mayoristas-y-supermercados","status":"publish","type":"post","link":"https:\/\/pasaenmendoza.com\/?p=8667","title":{"rendered":"Qu\u00e9 productos dejaron de comprar los mendocinos en mayoristas y supermercados"},"content":{"rendered":"\n<p>El consumo masivo<strong>&nbsp;cay\u00f3 12,5% interanual en junio&nbsp;<\/strong>y en los primeros seis meses al a\u00f1o la baja alcanza el 8,5%, en relaci\u00f3n al mismo per\u00edodo de 2023. Esos fr\u00edos datos de la consultora Scentia coinciden con la caliente realidad que se vive en mayoristas y supermercados mendocinos, donde la gente hoy solo lleva los \u201cproductos de primera necesidad\u201d.<\/p>\n\n\n\n<p>As\u00ed lo admiten empresarios locales, que destacan que\u00a0<strong>bebidas, art\u00edculos de limpieza, higiene y cosm\u00e9tica y productos de desayuno y merienda<\/strong>\u00a0son aquellos que los mendocinos dejaron de incluir en su listado de compras prioritarias.<\/p>\n\n\n\n<p>\u201c<em>Notamos que la gente deja de llevar los art\u00edculos que no son esenciales.&nbsp;<strong>Cuando llegan a la caja primero pasan los productos de primera necesidad<\/strong>&nbsp;como aceite, harinas, fideos, y despu\u00e9s de acuerdo con la plata que les va quedando, pasan el resto<\/em>\u201c, asegur\u00f3 el empresario mayorista&nbsp;<strong>Rub\u00e9n David<\/strong>.<\/p>\n\n\n\n<p>Y agreg\u00f3: \u201cLas ca\u00eddas m\u00e1s grandes se dan en productos premium, en todo lo que es m\u00e1s caro<strong>; disminuyeron un 20%<\/strong>. En las marcas m\u00e1s baratas el consumo se mantiene\u201d.<\/p>\n\n\n\n<h2 class=\"wp-block-heading\" id=\"h-los-gustos-afuera\">Los \u201cgustos\u201d, afuera<\/h2>\n\n\n\n<p>\u201c<strong>Actualmente se resignan los gustos<\/strong>\u201c, asegur\u00f3 David.<\/p>\n\n\n\n<p>Por su parte, desde una reconocida cadena de supermercados explicaron que \u201ctodo ha ca\u00eddo\u201d, pero destacaron que todos los art\u00edculos de \u201csegundad necesidad\u201d, exponen una baja m\u00e1s pronunciada.<\/p>\n\n\n\n<p>En esta l\u00ednea,<strong>\u00a0bebidas (con y sin alcohol), galletas, snacks, golosinas, chocolates y premezclas<\/strong>\u00a0son algunos de los art\u00edculos que los representantes del sector se\u00f1alaron como aquellos que ha dejado de comprar la gente.<\/p>\n\n\n\n<p>En el caso de los&nbsp;<strong>productos de limpieza, higiene y cosm\u00e9tica<\/strong>, si bien el consumo tambi\u00e9n ha mermado, reconocen que hay elementos b\u00e1sicos de uso diario (como jab\u00f3n, pasta de dientes, shampoo y enjuague), que se siguen adquiriendo, pero apuntando a los de menor costo, sin importar marca y calidad.<\/p>\n\n\n\n<h2 class=\"wp-block-heading\" id=\"h-nuevas-subas\">Nuevas subas<\/h2>\n\n\n\n<p>Con una inflaci\u00f3n que seg\u00fan el\u00a0<strong>\u00cdndice de Precios al Consumidor<\/strong>\u00a0(IPC)\u00a0alcanz\u00f3 el 5,5% en junio en Mendoza, se espera que en los pr\u00f3ximos d\u00edas las listas de precios de ciertos productos lleguen con aumentos.<\/p>\n\n\n\n<p><em>\u201cEstimamos que\u00a0<strong>panificados y granos subir\u00e1n entre 8% y 10%<\/strong>. Va a haber un impacto en los precios de aceites, harinas\u201d<\/em>, asegur\u00f3 Rub\u00e9n David.<\/p>\n\n\n\n<p>Sin embargo, el empresario mayorista sostuvo que&nbsp;<strong>el resto de los productos \u201cno movieron sus precios\u201d<\/strong>, a pesar de la suba del d\u00f3lar registrada en las \u00faltimas semanas.<\/p>\n\n\n\n<p>Por otro lado, y con datos de la\u00a0<em><strong>Encuesta de supermercados<\/strong><\/em>\u00a0del\u00a0<strong>Instituto Nacional de Estad\u00edsticas y Censos<\/strong>\u00a0(INDEC) que muestran que en abril de 2024 (\u00faltimo dato disponible), el \u00edndice de ventas totales a precios constantes en los supermercados registr\u00f3 una\u00a0<strong>ca\u00edda interanual de 17,6%<\/strong>, desde el sector afirmaron que observan un \u201ccambio en los h\u00e1bitos de consumo\u201d, y plantearon que actualmente es dif\u00edcil proyectar el panorama a futuro.<\/p>\n\n\n\n<p>\u201c<em>Los primeros d\u00edas del mes hay movimiento, pero esto sucede hace tiempo. El h\u00e1bito de consumo que hemos visto modificado es la frecuencia con la que la gente compra; son varias veces y lo que se va necesitando<\/em>\u201c, refirieron desde el mayorista Blow Max.<\/p>\n\n\n\n<p><strong>Fuente: www.elsol.com.ar<\/strong><\/p>\n","protected":false},"excerpt":{"rendered":"<p>El consumo masivo&nbsp;cay\u00f3 12,5% interanual en junio&nbsp;y en los primeros seis meses al a\u00f1o la baja alcanza el 8,5%, en relaci\u00f3n al mismo per\u00edodo de 2023. Esos fr\u00edos datos de la consultora Scentia coinciden con la caliente realidad que se vive en mayoristas y supermercados mendocinos, donde la gente hoy solo lleva los \u201cproductos de [&hellip;]<\/p>\n","protected":false},"author":2,"featured_media":8668,"comment_status":"open","ping_status":"open","sticky":false,"template":"","format":"standard","meta":[],"categories":[75],"tags":[],"_links":{"self":[{"href":"https:\/\/pasaenmendoza.com\/index.php?rest_route=\/wp\/v2\/posts\/8667"}],"collection":[{"href":"https:\/\/pasaenmendoza.com\/index.php?rest_route=\/wp\/v2\/posts"}],"about":[{"href":"https:\/\/pasaenmendoza.com\/index.php?rest_route=\/wp\/v2\/types\/post"}],"author":[{"embeddable":true,"href":"https:\/\/pasaenmendoza.com\/index.php?rest_route=\/wp\/v2\/users\/2"}],"replies":[{"embeddable":true,"href":"https:\/\/pasaenmendoza.com\/index.php?rest_route=%2Fwp%2Fv2%2Fcomments&post=8667"}],"version-history":[{"count":1,"href":"https:\/\/pasaenmendoza.com\/index.php?rest_route=\/wp\/v2\/posts\/8667\/revisions"}],"predecessor-version":[{"id":8669,"href":"https:\/\/pasaenmendoza.com\/index.php?rest_route=\/wp\/v2\/posts\/8667\/revisions\/8669"}],"wp:featuredmedia":[{"embeddable":true,"href":"https:\/\/pasaenmendoza.com\/index.php?rest_route=\/wp\/v2\/media\/8668"}],"wp:attachment":[{"href":"https:\/\/pasaenmendoza.com\/index.php?rest_route=%2Fwp%2Fv2%2Fmedia&parent=8667"}],"wp:term":[{"taxonomy":"category","embeddable":true,"href":"https:\/\/pasaenmendoza.com\/index.php?rest_route=%2Fwp%2Fv2%2Fcategories&post=8667"},{"taxonomy":"post_tag","embeddable":true,"href":"https:\/\/pasaenmendoza.com\/index.php?rest_route=%2Fwp%2Fv2%2Ftags&post=8667"}],"curies":[{"name":"wp","href":"https:\/\/api.w.org\/{rel}","templated":true}]}}