{"id":8671,"date":"2024-07-19T20:59:10","date_gmt":"2024-07-19T18:59:10","guid":{"rendered":"https:\/\/pasaenmendoza.com\/?p=8671"},"modified":"2024-07-19T20:59:12","modified_gmt":"2024-07-19T18:59:12","slug":"el-gobierno-se-planto-ante-los-reclamos-de-apla-y-confirmo-el-despido-de-los-pilotos","status":"publish","type":"post","link":"https:\/\/pasaenmendoza.com\/?p=8671","title":{"rendered":"El Gobierno se plant\u00f3 ante los reclamos de APLA y confirm\u00f3 el despido de los pilotos"},"content":{"rendered":"\n<p>Esta ma\u00f1ana se realiz\u00f3 una audiencia de conciliaci\u00f3n en la Subsecretar\u00eda de Trabajo. El gremio exig\u00eda que se retrotraigan los despidos pero el Ejecutivo ratific\u00f3 su decisi\u00f3n.<\/p>\n\n\n\n<p>Este viernes representantes del gobierno provincial y dirigentes del gremio de pilotos\u00a0<strong>APLA\u00a0<\/strong>se reunieron en la Subsecretar\u00eda de Trabajo de Mendoza en una audiencia de conciliaci\u00f3n. La misma hab\u00eda sido solicitada por el sindicato para que se revisara la forma en la que se hab\u00eda realizado el despido de los 27 pilotos de la\u00a0<strong>lucha antigranizo<\/strong>.<\/p>\n\n\n\n<p>La audiencia de conciliaci\u00f3n se llev\u00f3 adelante a las 9 de la ma\u00f1ana pero no tuvo el resultado que esperaban los trabajadores. Desde el Gobierno ratificaron que la decisi\u00f3n tomada por la empresa Aeron\u00e1utica Mendoza SA no tuvo ninguna irregularidad y que se cancelaron el total de las indemnizaciones legales de los pilotos despedidos. &#8220;En este&nbsp;sentido, al no existir motivo para continuar con dicho procedimiento conciliatorio, se solicit\u00f3 por parte de la empresa a la Subsecretar\u00eda de Trabajo y Empleo el cierre del procedimiento&#8221;, expresaron desde el Ejecutivo.<\/p>\n\n\n\n<p>En el acta consta que el representante de AEMSA, Gustavo Kasanowicz, siguiendo instrucciones de su mandante, solicit\u00f3 que se proceda al archivo de las actuaciones &#8220;no existiendo ninguna posibilidad de conciliar&#8221;.<\/p>\n\n\n\n<p>Desde&nbsp;<strong>APLA&nbsp;<\/strong>cuestionaron puntualmente al abogado del Ministerio de Producci\u00f3n, Alberto Cichitti, y aseguraron que minimiz\u00f3 el reclamo de los productores agr\u00edcolas que no est\u00e1n de acuerdo con la decisi\u00f3n de dar de baja el sistema de mitigaci\u00f3n a\u00e9rea.<\/p>\n\n\n\n<p>&#8220;\u00a1As\u00ed son en el Gobierno de Mendoza,&nbsp;soberbios! Mandan dos&nbsp;abogados de los cuales, uno de ellos (Dr. Alberto Cichitti) del Ministerio de Producci\u00f3n se ri\u00f3&nbsp;de los Productores y de la ciudadan\u00eda diciendo que son solo un pu\u00f1ado y que no les importaba el granizo y la p\u00e9rdida de la cosecha \u00a1Vergonzoso!&#8221;, manifest\u00f3 el secretario del Interior de&nbsp;<strong>APLA<\/strong>, Nicol\u00e1s Capella.<\/p>\n\n\n\n<p>En el acta consta que &#8220;cuando se hizo menci\u00f3n a que a partir de septiembre del corriente a\u00f1o cuando caiga granizo los productores van a quedar desprotegidos, el mismo doctor Cichitti hizo menci\u00f3n a que no les importaba porque tan solo son un pu\u00f1ado de ellos, que nadie vendr\u00eda a protestar porque la mayor\u00eda ten\u00eda malla antigranizo y que iban a vender los aviones&#8221;.<\/p>\n\n\n\n<p>Desde el Gobierno de Mendoza salieron a desmentir esa informaci\u00f3n a trav\u00e9s de un comunicado en el que sostienen que Cichitti no particip\u00f3 formalmente del acto.&nbsp;<\/p>\n\n\n\n<p>&#8220;El Ministerio de Producci\u00f3n desmiente absolutamente los dichos vertidos por el Secretario de&nbsp;<strong>APLA&nbsp;<\/strong>respecto de la audiencia celebrada en la Subsecretar\u00eda de Trabajo al mencionar que representantes del Ministerio de Producci\u00f3n habr\u00edan manifestado &#8216;no importarle la situaci\u00f3n de los productores ante una futura ca\u00edda de granizo&#8217;, o que &#8216;se iban a vender los aviones&#8217;. Esos dichos &nbsp;no han sido manifestado por los representantes legales del Ministerio ya que no participaron formalmente del acto ni &nbsp;suscribieron el acta&#8221;.<\/p>\n\n\n\n<h2 class=\"wp-block-heading\">Productores del Este reclaman por la lucha antigranizo<\/h2>\n\n\n\n<p>La decisi\u00f3n del Ejecutivo ha generado malestar en agrupaciones de productores de la provincia. En el oasis Sur est\u00e1n llevando adelante una mesa de negociaci\u00f3n junto al intendente de General Alvear para analizar posibilidades que permitan sostener la&nbsp;<strong>lucha antigranizo&nbsp;<\/strong>activa. Mientras tanto, en el Este han convocado a una movilizaci\u00f3n para el pr\u00f3ximo martes 23 de julio.&nbsp;<\/p>\n\n\n\n<p>Desde la Asociaci\u00f3n Vi\u00f1ateros de Mendoza exigen que el gobierno abra el di\u00e1logo ante la intempestiva eliminaci\u00f3n de la&nbsp;<strong>lucha antigranizo<\/strong>.&nbsp;<\/p>\n\n\n\n<p>&#8220;Criticamos la medida de suspender la&nbsp;<strong>lucha antigranizo&nbsp;<\/strong>sin exponer los datos concretos de su funcionamiento y sin una consulta previa adecuada\u201d, expres\u00f3 Eduardo C\u00f3rdoba, presidente de la Asociaci\u00f3n Vi\u00f1ateros de Mendoza.<\/p>\n\n\n\n<p>Desde la instituci\u00f3n aseguran que lo l\u00f3gico hubiera sido que se realizaran reuniones y se brindaran explicaciones sobre el motivo de suspender la\u00a0<strong>lucha antigranizo<\/strong>. &#8220;Nosotros, por nuestra cuenta, convocamos a los pilotos de los aviones y realizamos una reuni\u00f3n amplia en la que expusieron su posici\u00f3n y estad\u00edsticas, demostrando que el sistema de defensa con siembra de nubes disminuye significativamente los da\u00f1os del granizo. Consideramos que este sistema tiene que continuar y criticamos que se haya decidido su eliminaci\u00f3n de forma absolutamente inconsulta&#8221;, declar\u00f3 C\u00f3rdoba.<\/p>\n\n\n\n<p>FUENTE: MDZonline.<\/p>\n","protected":false},"excerpt":{"rendered":"<p>Esta ma\u00f1ana se realiz\u00f3 una audiencia de conciliaci\u00f3n en la Subsecretar\u00eda de Trabajo. El gremio exig\u00eda que se retrotraigan los despidos pero el Ejecutivo ratific\u00f3 su decisi\u00f3n. Este viernes representantes del gobierno provincial y dirigentes del gremio de pilotos\u00a0APLA\u00a0se reunieron en la Subsecretar\u00eda de Trabajo de Mendoza en una audiencia de conciliaci\u00f3n. La misma hab\u00eda [&hellip;]<\/p>\n","protected":false},"author":2,"featured_media":8672,"comment_status":"open","ping_status":"open","sticky":true,"template":"","format":"standard","meta":[],"categories":[47],"tags":[],"_links":{"self":[{"href":"https:\/\/pasaenmendoza.com\/index.php?rest_route=\/wp\/v2\/posts\/8671"}],"collection":[{"href":"https:\/\/pasaenmendoza.com\/index.php?rest_route=\/wp\/v2\/posts"}],"about":[{"href":"https:\/\/pasaenmendoza.com\/index.php?rest_route=\/wp\/v2\/types\/post"}],"author":[{"embeddable":true,"href":"https:\/\/pasaenmendoza.com\/index.php?rest_route=\/wp\/v2\/users\/2"}],"replies":[{"embeddable":true,"href":"https:\/\/pasaenmendoza.com\/index.php?rest_route=%2Fwp%2Fv2%2Fcomments&post=8671"}],"version-history":[{"count":1,"href":"https:\/\/pasaenmendoza.com\/index.php?rest_route=\/wp\/v2\/posts\/8671\/revisions"}],"predecessor-version":[{"id":8673,"href":"https:\/\/pasaenmendoza.com\/index.php?rest_route=\/wp\/v2\/posts\/8671\/revisions\/8673"}],"wp:featuredmedia":[{"embeddable":true,"href":"https:\/\/pasaenmendoza.com\/index.php?rest_route=\/wp\/v2\/media\/8672"}],"wp:attachment":[{"href":"https:\/\/pasaenmendoza.com\/index.php?rest_route=%2Fwp%2Fv2%2Fmedia&parent=8671"}],"wp:term":[{"taxonomy":"category","embeddable":true,"href":"https:\/\/pasaenmendoza.com\/index.php?rest_route=%2Fwp%2Fv2%2Fcategories&post=8671"},{"taxonomy":"post_tag","embeddable":true,"href":"https:\/\/pasaenmendoza.com\/index.php?rest_route=%2Fwp%2Fv2%2Ftags&post=8671"}],"curies":[{"name":"wp","href":"https:\/\/api.w.org\/{rel}","templated":true}]}}