{"id":8674,"date":"2024-07-19T21:03:58","date_gmt":"2024-07-19T19:03:58","guid":{"rendered":"https:\/\/pasaenmendoza.com\/?p=8674"},"modified":"2024-07-19T21:04:00","modified_gmt":"2024-07-19T19:04:00","slug":"alfredo-cornejo-firmo-un-acuerdo-con-empresarios-y-gremialistas-aqui-hay-paz-social","status":"publish","type":"post","link":"https:\/\/pasaenmendoza.com\/?p=8674","title":{"rendered":"Alfredo Cornejo firm\u00f3 un acuerdo con empresarios y gremialistas: \u201cAqu\u00ed hay paz social\u201d"},"content":{"rendered":"\n<p>Se trata del \u201cAcuerdo de Cooperaci\u00f3n Social\u201d, cuyo objetivo es es \u201cfortalecer la producci\u00f3n y promover un clima laboral sin conflictos\u201d.<\/p>\n\n\n\n<p>El gobernador Alfredo Cornejo firm\u00f3 este viernes con representantes de c\u00e1maras empresarias y sindicalistas el&nbsp;<strong>Acuerdo de Cooperaci\u00f3n Social<\/strong>, cuyo objetivo es&nbsp;<em>\u201cfortalecer la producci\u00f3n y promover un clima laboral sin conflictos\u201d.<\/em><\/p>\n\n\n\n<p><em>\u201cEs \u00fanico en el pa\u00eds y apunta a contribuir en la generaci\u00f3n de consensos y pol\u00edticas que impulsen el desarrollo econ\u00f3mico y social de Mendoza\u201d<\/em>, destaca un comunicado oficial.<\/p>\n\n\n\n<p>El acto estuvo encabezado por\u00a0<strong>Cornejo<\/strong>, los ministros\u00a0<strong>Natalio Mema<\/strong>\u00a0(Gobierno) y\u00a0<strong>Rodolfo Vargas Arizu<\/strong>\u00a0(Producci\u00f3n), y el subsecretario de Trabajo y Empleo,\u00a0<strong>Rodrigo Herrera.<\/strong><\/p>\n\n\n\n<p><em>\u201cSe lleg\u00f3 a la firma de este acuerdo despu\u00e9s de que el Gobierno de Mendoza pusiera en marcha, meses atr\u00e1s, el Consejo del Trabajo, con el objetivo de fortalecer la producci\u00f3n y la promoci\u00f3n de un clima laboral sin conflictos\u201d<\/em>, sostiene el parte de prensa.<\/p>\n\n\n\n<h2 class=\"wp-block-heading\" id=\"h-las-frases-destacadas-de-cornejo\">Las frases destacadas de Cornejo<\/h2>\n\n\n\n<ul>\n<li><em>\u201cEstamos muy comprometidos con que el sector privado genere mucha m\u00e1s riqueza. Necesitamos levantar muchas m\u00e1s empresas,&nbsp;<strong>necesitamos que el salario real aumente ya que nuestro promedio salarial es bajo<\/strong>. Eso se hace en un trabajo conjunto entre el Gobierno, que debe bregar por el inter\u00e9s de toda la comunidad, esa es mi funci\u00f3n, esa es mi tarea, pero tambi\u00e9n, por el inter\u00e9s particular leg\u00edtimo como es el de los gremios, los sindicatos de los trabajadores y la gremial empresarial\u201d.<\/em><\/li>\n\n\n\n<li><em>\u201c<strong>Este acuerdo es muy relevante.&nbsp;<\/strong>Tiene que ver con la econom\u00eda, tiene que ver con que aumente el salario real, siempre con el presupuesto del orden macroecon\u00f3mico y que el gobierno nacional acierte en su pol\u00edtica\u201d.<\/em><\/li>\n\n\n\n<li><em>\u201cEn este marco, dentro de los instrumentos que tenemos, estamos usando todo lo que podemos. Bajando Ingresos Brutos progresivamente y preparando un paquete de medidas para el Presupuesto, que vamos a presentar en setiembre u octubre de este a\u00f1o. En \u00e9l,&nbsp;<strong>vamos a ir con baja de Ingresos Brutos, de Sellos, de tasas que se pagan por \u00edtems irrisorios, rid\u00edculos, ya que hoy se hacen digitalmente<\/strong>\u201c.<\/em><\/li>\n\n\n\n<li><em>\u201cDentro de nuestras escasas facultades de apoyo al sector privado, estamos poniendo todo lo que se puede,&nbsp;<strong>sin dejar de financiar al Estado provincial<\/strong>\u201d.<\/em><\/li>\n\n\n\n<li><em>\u201cPara nosotros, es muy importante estar trabajando en m\u00faltiples proyectos y nos sentimos acompa\u00f1ados.&nbsp;<strong>Discutimos, celebramos y no siempre estamos de acuerdo<\/strong>, pero son la raz\u00f3n de estas acciones\u201d.<\/em><\/li>\n\n\n\n<li><em>\u201cEste convenio tiene el objetivo directo de transmitir s\u00edmbolos:&nbsp;<strong>aqu\u00ed hay paz social y que no se hace conflicto por cualquier cosa<\/strong>, que la dirigencia empresaria no va a dejar de representar el inter\u00e9s leg\u00edtimo de sus empresas y que la dirigencia gremial no va a dejar ni va a aflojar un mil\u00edmetro de representar los intereses de sus trabajadores\u201d.<\/em><\/li>\n\n\n\n<li><em>\u201cObvio que&nbsp;<strong>no es un convenio que tiene efectos directos e inmediatos<\/strong>, pero busca darle instrumentos a mi gabinete, a mi gobierno y a ustedes, para atraer nuevas inversiones en la provincia. Hay diferencia entre invertir en Mendoza con respecto a invertir en otras provincias, eso es lo que queremos poner de manifiesto\u201d.<\/em><\/li>\n\n\n\n<li><em>\u201cSi se ordena la econom\u00eda,&nbsp;<strong>Mendoza tiene un clima de funcionamiento distinto, de Poder Judicial distinto, de funcionamiento de las instituciones distinto.&nbsp;<\/strong>No hay un sindicalismo de trabajadores que obstruya a la actividad privada, sino que propende a m\u00e1s empleo y hay una dirigencia empresaria que propende al crecimiento de las empresas, que es lo que necesitamos\u201d.<\/em><\/li>\n\n\n\n<li><em>\u201cEste convenio nos sirve al Gobierno de la provincia para eso, para transmitir s\u00edmbolos, para transmitir un rumbo y esa es nuestra principal motivaci\u00f3n para la firma de hoy\u201d.<\/em><\/li>\n<\/ul>\n\n\n\n<h2 class=\"wp-block-heading\" id=\"h-firmaron-el-acuerdo\">Firmaron el acuerdo<\/h2>\n\n\n\n<ul>\n<li><strong>Santiago Laugero<\/strong>, de la Federaci\u00f3n Econ\u00f3mica de Mendoza (FEM)<\/li>\n\n\n\n<li><strong>Mart\u00edn Clem\u00e9nt<\/strong>, del Consejo Empresario Mendocino (CEM)<\/li>\n\n\n\n<li><strong>Jorge Mosso<\/strong>, de la Asociaci\u00f3n de Ejecutivos de Mendoza (AEM)<\/li>\n\n\n\n<li><strong>Marcelo Pieralisi<\/strong>, de la Asociaci\u00f3n Cristiana de Dirigentes de Empresas (ACDE)<\/li>\n\n\n\n<li><strong>Luis M\u00e1rquez y Ricardo Letard<\/strong>, de la Confederaci\u00f3n General del Trabajo (CGT) regional Mendoza<\/li>\n\n\n\n<li><strong>Gloria Magnaghi<\/strong>, de la Uni\u00f3n Industrial Mendocina (UIM)<\/li>\n\n\n\n<li><strong>Juan Viciana<\/strong>, de la Uni\u00f3n Comercial e Industrial de Mendoza (UCIM) y la Asociaci\u00f3n de Cooperativas Vitivin\u00edcolas Argentinas (Acovi).<\/li>\n<\/ul>\n\n\n\n<p>FUENTE: Elsol.com.ar <\/p>\n","protected":false},"excerpt":{"rendered":"<p>Se trata del \u201cAcuerdo de Cooperaci\u00f3n Social\u201d, cuyo objetivo es es \u201cfortalecer la producci\u00f3n y promover un clima laboral sin conflictos\u201d. El gobernador Alfredo Cornejo firm\u00f3 este viernes con representantes de c\u00e1maras empresarias y sindicalistas el&nbsp;Acuerdo de Cooperaci\u00f3n Social, cuyo objetivo es&nbsp;\u201cfortalecer la producci\u00f3n y promover un clima laboral sin conflictos\u201d. \u201cEs \u00fanico en el [&hellip;]<\/p>\n","protected":false},"author":2,"featured_media":8675,"comment_status":"open","ping_status":"open","sticky":true,"template":"","format":"standard","meta":[],"categories":[47],"tags":[],"_links":{"self":[{"href":"https:\/\/pasaenmendoza.com\/index.php?rest_route=\/wp\/v2\/posts\/8674"}],"collection":[{"href":"https:\/\/pasaenmendoza.com\/index.php?rest_route=\/wp\/v2\/posts"}],"about":[{"href":"https:\/\/pasaenmendoza.com\/index.php?rest_route=\/wp\/v2\/types\/post"}],"author":[{"embeddable":true,"href":"https:\/\/pasaenmendoza.com\/index.php?rest_route=\/wp\/v2\/users\/2"}],"replies":[{"embeddable":true,"href":"https:\/\/pasaenmendoza.com\/index.php?rest_route=%2Fwp%2Fv2%2Fcomments&post=8674"}],"version-history":[{"count":1,"href":"https:\/\/pasaenmendoza.com\/index.php?rest_route=\/wp\/v2\/posts\/8674\/revisions"}],"predecessor-version":[{"id":8676,"href":"https:\/\/pasaenmendoza.com\/index.php?rest_route=\/wp\/v2\/posts\/8674\/revisions\/8676"}],"wp:featuredmedia":[{"embeddable":true,"href":"https:\/\/pasaenmendoza.com\/index.php?rest_route=\/wp\/v2\/media\/8675"}],"wp:attachment":[{"href":"https:\/\/pasaenmendoza.com\/index.php?rest_route=%2Fwp%2Fv2%2Fmedia&parent=8674"}],"wp:term":[{"taxonomy":"category","embeddable":true,"href":"https:\/\/pasaenmendoza.com\/index.php?rest_route=%2Fwp%2Fv2%2Fcategories&post=8674"},{"taxonomy":"post_tag","embeddable":true,"href":"https:\/\/pasaenmendoza.com\/index.php?rest_route=%2Fwp%2Fv2%2Ftags&post=8674"}],"curies":[{"name":"wp","href":"https:\/\/api.w.org\/{rel}","templated":true}]}}