{"id":8677,"date":"2024-07-19T21:09:53","date_gmt":"2024-07-19T19:09:53","guid":{"rendered":"https:\/\/pasaenmendoza.com\/?p=8677"},"modified":"2024-07-19T21:09:57","modified_gmt":"2024-07-19T19:09:57","slug":"cornejo-anticipo-que-bajara-los-impuestos-en-2025","status":"publish","type":"post","link":"https:\/\/pasaenmendoza.com\/?p=8677","title":{"rendered":"Cornejo anticip\u00f3 que bajar\u00e1 los impuestos en 2025"},"content":{"rendered":"\n<p>Este viernes, se firm\u00f3 el\u00a0<strong>Acuerdo de Cooperaci\u00f3n Social entre el Gobierno de Mendoza, c\u00e1maras empresariales y asociaciones sindicales\u00a0<\/strong>destinado a la sostenibilidad de la producci\u00f3n y la creaci\u00f3n de puestos de trabajo.<\/p>\n\n\n\n<p>La finalidad del convenio es la de fortalecer y promover un clima laboral sin conflictos. Y, seg\u00fan destacaron desde el Ejecutivo, es\u00a0<strong>&#8220;\u00fanico en el pa\u00eds&#8221;<\/strong>\u00a0y apunta a contribuir en la generaci\u00f3n de consensos y pol\u00edticas que impulsen el desarrollo econ\u00f3mico y social de Mendoza.\u00a0<\/p>\n\n\n\n<p>El acto estuvo encabezado por el Gobernador<strong>\u00a0Alfredo Cornejo<\/strong>; el ministro de Gobierno, Infraestructura y Desarrollo Territorial,\u00a0Natalio Mema; el ministro de Producci\u00f3n,\u00a0Rodolfo Vargas Arizu\u00a0y el subsecretario de Trabajo y Empleo, Rodrigo Herrera.<\/p>\n\n\n\n<p>El mandatario destac\u00f3 la importancia del<strong>\u00a0trabajo en conjunto entre el Estado, el sector privado, los sindicatos y la gremial empresarial<\/strong>. &#8220;Estamos muy comprometidos con que el sector privado genere mucha m\u00e1s riqueza. Necesitamos levantar muchas m\u00e1s empresas, necesitamos que el salario real aumente ya que nuestro promedio salarial es bajo. Eso se hace en un trabajo conjunto entre el Gobierno, que debe bregar por el inter\u00e9s de toda la comunidad, esa es mi funci\u00f3n, esa es mi tarea, pero tambi\u00e9n, por el inter\u00e9s particular leg\u00edtimo como es el de los gremios, los sindicatos de los trabajadores y la gremial empresarial&#8221;.\u00a0<\/p>\n\n\n\n<p>Cornejo habl\u00f3 de la importancia de la firma mencionada: &#8220;Este acuerdo es muy relevante y si, tiene que ver con la econom\u00eda, tiene que ver con que aumente el salario real, siempre con el presupuesto del orden macroecon\u00f3mico y que el gobierno nacional acierte en su pol\u00edtica&#8221;.<\/p>\n\n\n\n<p>&#8220;En este marco, dentro de los instrumentos que tenemos, estamos usando todo lo que podemos.\u00a0<strong>Bajando ingresos brutos progresivamente y preparando un paquete de medidas para el Presupuesto,<\/strong>\u00a0que vamos a presentar en setiembre u octubre de este a\u00f1o. En \u00e9l, vamos a ir con baja de ingresos brutos, de sellados, de tasas, que se pagan por \u00edtems irrisorios, rid\u00edculos, ya que hoy se hacen digitalmente. Dentro de nuestras escasas facultades de apoyo al sector privado, estamos poniendo todo lo que se puede, sin dejar de financiar al Estado provincial&#8221; a\u00f1adi\u00f3.\u00a0<\/p>\n\n\n\n<p>Y continu\u00f3 destacando el clima de f\u00e1cil entendimiento y de paz con el sector privado, representado por c\u00e1maras empresariales y la CGT. &#8220;Para nosotros, es muy importante estar trabajando en m\u00faltiples proyectos y nos sentimos acompa\u00f1ados. Discutimos, celebramos y no siempre estamos de acuerdo, pero son la raz\u00f3n de estas acciones&#8221;.<\/p>\n\n\n\n<p>&#8220;Este convenio que queremos firmar, tiene el objetivo directo de transmitir s\u00edmbolos:&nbsp;<strong>aqu\u00ed hay paz social, aqu\u00ed no se hace conflicto por cualquier cosa<\/strong>, que la dirigencia gremial empresaria no va a dejar de representar el inter\u00e9s leg\u00edtimo de sus empresas y que la dirigencia gremial representativa de los trabajadores no va a dejar ni va a aflojar un mil\u00edmetro de representar los intereses de sus trabajadores&#8221;, a\u00f1adi\u00f3 Cornejo.<\/p>\n\n\n\n<p>&#8220;Obvio que no es un convenio que tiene efectos directos e inmediatos, pero busca darle instrumentos a mi gabinete, a mi gobierno y a ustedes, para atraer nuevas inversiones en la provincia. Hay diferencia entre invertir en Mendoza con respecto a invertir en otras provincias, eso es lo que queremos poner de manifiesto&#8221;, apunt\u00f3 el Gobernador.<\/p>\n\n\n\n<p>&#8220;Si se ordena la econom\u00eda, Mendoza tiene un clima de funcionamiento distinto, de Poder Judicial distinto, de funcionamiento de las instituciones distinto. No hay un sindicalismo de trabajadores que obstruya a la actividad privada, sino que propende a m\u00e1s empleo y hay una dirigencia gremial empresaria que propende al crecimiento de las empresas, de m\u00e1s empresas, que es lo que necesitamos. Este convenio nos sirve al Gobierno de la provincia para eso, para transmitir s\u00edmbolos, para transmitir un rumbo y esa es nuestra principal motivaci\u00f3n para la firma de hoy&#8221; finaliz\u00f3.\u00a0<\/p>\n\n\n\n<p><strong>Participantes del acuerdo<\/strong><\/p>\n\n\n\n<p>Participaron representantes de diferentes instituciones como Santiago Laugero, de la Federaci\u00f3n Econ\u00f3mica de Mendoza; Mart\u00edn Clem\u00e9nt, del Consejo de Empresarios de Mendoza; Jorge Mosso, de la Asociaci\u00f3n de Ejecutivos de Mendoza; Marcelo Pieralisi, de la Asociaci\u00f3n Cristiana de Dirigentes de empresas; Luis M\u00e1rquez y Ricardo Letard de la Confederaci\u00f3n General del Trabajo (CGT) regional Mendoza; Gloria Magnaghi, de la Uni\u00f3n Industrial Mendocina; Juan Viciana de la Uni\u00f3n Comercial e Industrial de Mendoza y la Asociaci\u00f3n de Cooperativas Vitivin\u00edcolas Argentinas.<\/p>\n\n\n\n<p>Se lleg\u00f3 a la firma de este acuerdo despu\u00e9s de que el Gobierno de Mendoza pusiera en marcha, meses atr\u00e1s, el Consejo del Trabajo, con el objetivo de fortalecer la producci\u00f3n y la promoci\u00f3n de un clima laboral sin conflictos.\u00a0<\/p>\n\n\n\n<p>FUENTE: Mendozapost.<\/p>\n\n\n\n<p><\/p>\n","protected":false},"excerpt":{"rendered":"<p>Este viernes, se firm\u00f3 el\u00a0Acuerdo de Cooperaci\u00f3n Social entre el Gobierno de Mendoza, c\u00e1maras empresariales y asociaciones sindicales\u00a0destinado a la sostenibilidad de la producci\u00f3n y la creaci\u00f3n de puestos de trabajo. La finalidad del convenio es la de fortalecer y promover un clima laboral sin conflictos. Y, seg\u00fan destacaron desde el Ejecutivo, es\u00a0&#8220;\u00fanico en el [&hellip;]<\/p>\n","protected":false},"author":2,"featured_media":8678,"comment_status":"open","ping_status":"open","sticky":true,"template":"","format":"standard","meta":[],"categories":[47],"tags":[],"_links":{"self":[{"href":"https:\/\/pasaenmendoza.com\/index.php?rest_route=\/wp\/v2\/posts\/8677"}],"collection":[{"href":"https:\/\/pasaenmendoza.com\/index.php?rest_route=\/wp\/v2\/posts"}],"about":[{"href":"https:\/\/pasaenmendoza.com\/index.php?rest_route=\/wp\/v2\/types\/post"}],"author":[{"embeddable":true,"href":"https:\/\/pasaenmendoza.com\/index.php?rest_route=\/wp\/v2\/users\/2"}],"replies":[{"embeddable":true,"href":"https:\/\/pasaenmendoza.com\/index.php?rest_route=%2Fwp%2Fv2%2Fcomments&post=8677"}],"version-history":[{"count":1,"href":"https:\/\/pasaenmendoza.com\/index.php?rest_route=\/wp\/v2\/posts\/8677\/revisions"}],"predecessor-version":[{"id":8679,"href":"https:\/\/pasaenmendoza.com\/index.php?rest_route=\/wp\/v2\/posts\/8677\/revisions\/8679"}],"wp:featuredmedia":[{"embeddable":true,"href":"https:\/\/pasaenmendoza.com\/index.php?rest_route=\/wp\/v2\/media\/8678"}],"wp:attachment":[{"href":"https:\/\/pasaenmendoza.com\/index.php?rest_route=%2Fwp%2Fv2%2Fmedia&parent=8677"}],"wp:term":[{"taxonomy":"category","embeddable":true,"href":"https:\/\/pasaenmendoza.com\/index.php?rest_route=%2Fwp%2Fv2%2Fcategories&post=8677"},{"taxonomy":"post_tag","embeddable":true,"href":"https:\/\/pasaenmendoza.com\/index.php?rest_route=%2Fwp%2Fv2%2Ftags&post=8677"}],"curies":[{"name":"wp","href":"https:\/\/api.w.org\/{rel}","templated":true}]}}