{"id":8682,"date":"2024-07-19T21:19:49","date_gmt":"2024-07-19T19:19:49","guid":{"rendered":"https:\/\/pasaenmendoza.com\/?p=8682"},"modified":"2024-07-19T21:19:53","modified_gmt":"2024-07-19T19:19:53","slug":"el-director-del-pami-mendoza-hizo-una-limpieza-y-nombro-a-mas-de-20-funcionarios-de-su-rinon","status":"publish","type":"post","link":"https:\/\/pasaenmendoza.com\/?p=8682","title":{"rendered":"El director del PAMI Mendoza, hizo una &#8220;limpieza&#8221; y nombr\u00f3 a m\u00e1s de 20 funcionarios de su ri\u00f1\u00f3n"},"content":{"rendered":"\n<p>Se trata de una de las primeras medidas fuertes de David Litvinchuck, quien reemplaz\u00f3 a Carlos Soloa Vaca en el cargo, propuesto por la diputada Lourdes Arrieta<\/p>\n\n\n\n<p><strong>David Litvinchuck, nuevo director de PAMI<\/strong>, activ\u00f3 la renovaci\u00f3n de funcionarios en la sede Mendoza con el desplazamiento de nueve titulares de centros municipales y tres coordinadores para la Unidad de Gesti\u00f3n provincial; y el nombramiento de sus reemplazantes y otros tantos funcionarios repartidos en los departamentos.<\/p>\n\n\n\n<p>Litvinchuck es un ferviente seguidor de Lourdes Arrieta, la libertaria que lo acerc\u00f3 al PAMI para reemplazar a\u00a0Carlos Soloa Vaca, el director que hab\u00eda sido designado en esta etapa mileista y que acab\u00f3 desplazado tras una interna feroz\u00a0con la diputada nacional.<\/p>\n\n\n\n<p>&#8220;Cuestiones operativas que impactan en la estructura organizacional, hacen necesario dise\u00f1ar estrategias integrales que permitan redefinir la pol\u00edtica prestacional y sociosanitaria acorde al tr\u00e1nsito demogr\u00e1fico de la zona de influencia&#8221;, expres\u00f3 Litvinchuck en los argumentos de las resoluciones que marcaron la salida de los titulares de los centros municipales.<\/p>\n\n\n\n<p>La decisi\u00f3n fue, a partir de la publicaci\u00f3n de esas normas,\u00a0<strong>limitar las tareas de los funcionarios que ven\u00edan de gestiones anteriores y quitarles el adicional por funci\u00f3n jer\u00e1rquica que se encontraban percibiendo<\/strong>; para que pasen a cumplir tareas administrativas bajo la \u00f3rbita del nuevo director.<\/p>\n\n\n\n<h2 class=\"wp-block-heading\">Baja de categor\u00eda de funcionarios de gestiones anteriores<\/h2>\n\n\n\n<p>Entre los jefes desplazados hay&nbsp;<strong>peronistas y hasta macristas que fueron quedando en la gesti\u00f3n del PAMI<\/strong>. Con la llegada de Litvinchuck se decidi\u00f3 limitar sus tareas y el acceso al sistema, reservado solo para funcionarios de rangos altos-. Ahora deber\u00e1n brindar un informe de lo hecho durante su labor y esperar que el director les asigne nuevas tareas administrativas.<\/p>\n\n\n\n<p>Entre las&nbsp;<strong>bajas&nbsp;<\/strong>se encuentran las de Lucas Ariel Arcangeletti, titular de la Coordinaci\u00f3n de Pol\u00edticas Sociales; Laura Dom\u00ednguez, titular de la Coordinaci\u00f3n M\u00e9dica; Ernesto Eduardo Poujardieu, de la Coordinaci\u00f3n de Modelo de Atenci\u00f3n Personalizada.<\/p>\n\n\n\n<p>Tambi\u00e9n pasaron a cumplir funciones administrativas los titulares de los Centros de Atenci\u00f3n Personalizada de Malarg\u00fce, Sandra Barrera; de Villa Atuel, Juan Caparros; de Alvear, JAvier Fagetti; de Rivadavia, Gustavo Agut; de Tunuy\u00e1n, Horacio Videla; de Luj\u00e1n, Adalberto Aguilera; de Maip\u00fa, Mauricio Lira Garro; de Godoy Cruz, Valentina Casciani; y de Lavalle, Ra\u00fal Villegas.<\/p>\n\n\n\n<h2 class=\"wp-block-heading\">Qui\u00e9nes son los nuevos funcionarios del PAMI<\/h2>\n\n\n\n<p>&#8220;Felicitaciones en esta nueva etapa&nbsp;<strong>Renzo Cadile y Gonzalo Mugianesi, nuevos coordinadores del PAMI<\/strong>&#8220;, expres\u00f3 David Litvinchuck con la correspondiente foto de presentaci\u00f3n. Estos nuevos funcionarios acompa\u00f1aron a la diputada Lourdes Arrieta desde la campa\u00f1a electoral y son de su confianza.<\/p>\n\n\n\n<p><strong>Mugianesi, licenciado en Comunicaci\u00f3n Social<\/strong>, estar\u00e1 a cargo de la Coordinaci\u00f3n del Modelo de Atenci\u00f3n Personalizada; y&nbsp;<strong>Cadile Peralta, de 25 a\u00f1os<\/strong>, ser\u00e1 coordinador de Pol\u00edticas Sociales de la obra social de jubilados y pensionados.<\/p>\n\n\n\n<p>Adem\u00e1s,&nbsp;<strong>tambi\u00e9n fue nombrada en la Unidad de Gesti\u00f3n Local IV \u2013 Mendoza Natalia Luna Maffei<\/strong>, que es m\u00e9dica infect\u00f3loga, lleva a\u00f1os trabajando en el sector p\u00fablico y estar\u00e1 a cargo de la Coordinaci\u00f3n M\u00e9dica.<\/p>\n\n\n\n<p>Conforme las nuevas resoluciones publicadas en el Bolet\u00edn informativo de PAMI, los nombramientos superan la veintena. Hay libertarios, dem\u00f3cratas y miembros del PRO.<\/p>\n\n\n\n<p>Hern\u00e1n Nelson Rivas se encargar\u00e1 de la atenci\u00f3n a Veteranos de Guerra, uno de los cargos en los que m\u00e1s hizo hincapi\u00e9 Arrieta, hija de un Veterano. Alejandro Barcudi, del PRO, ser\u00e1 titular de la Agencia San Rafael. Tiene experiencia como m\u00e9dico geriatra y paliativista. En Godoy Cruz, asumi\u00f3 Mariano Alberto Bordon Marinero, excandidato del PD. En Luj\u00e1n, asumi\u00f3 Daniel Gregorio Chumacero; y en Malarg\u00fce lo hizo Elena Marta Viola, tambi\u00e9n del Partido Dem\u00f3crata.<\/p>\n\n\n\n<p>Mar\u00eda de los \u00c1ngeles Federici ser\u00e1 titular del Centro de Atenci\u00f3n Personalizada Lavalle y Marcos Sebasti\u00e1n Danieli del de Villa Atuel.<\/p>\n\n\n\n<p>La atenci\u00f3n en Las Heras qued\u00f3 a cargo de Natalia Alejandra Intrieri y en Las Catitas, de Rosa Sandra Abraham. Juan Antonio Marino ser\u00e1 titular del Centro de Atenci\u00f3n Personalizada de La Paz; y Ana Marina Borrero asumi\u00f3 en Agencia Maip\u00fa.<\/p>\n\n\n\n<p>Gilberto Carlos Sarmiento Becerra qued\u00f3 a cargo en La Consulta; y Eduardo Noguerol, de la Boca de Atenci\u00f3n Bowen. Sergio Fabi\u00e1n Moya de Monte Coman; y Daiana Soledad Fredes, en Tunuy\u00e1n.<\/p>\n\n\n\n<p>En el Centro de Atenci\u00f3n Personalizada Tupungato asoma un farmac\u00e9utico que fue candidato de la lista de Omar De Marchi, H\u00e9ctor Francisco Tejera. Mientras que en Jun\u00edn, la atenci\u00f3n qued\u00f3 a cargo de Milagros Antonella Sosa.<\/p>\n\n\n\n<p>En el Centro de Atenci\u00f3n Personalizada General Alvear asumi\u00f3 Andrea Cristina P\u00e9rez Bernal; en tanto que en la Agencia Guaymall\u00e9n, ser\u00e1 titular Jorge Enrique Molinier.<\/p>\n\n\n\n<p>FUENTE: Diariuno.com.ar<\/p>\n","protected":false},"excerpt":{"rendered":"<p>Se trata de una de las primeras medidas fuertes de David Litvinchuck, quien reemplaz\u00f3 a Carlos Soloa Vaca en el cargo, propuesto por la diputada Lourdes Arrieta David Litvinchuck, nuevo director de PAMI, activ\u00f3 la renovaci\u00f3n de funcionarios en la sede Mendoza con el desplazamiento de nueve titulares de centros municipales y tres coordinadores para [&hellip;]<\/p>\n","protected":false},"author":2,"featured_media":8683,"comment_status":"open","ping_status":"open","sticky":true,"template":"","format":"standard","meta":[],"categories":[47],"tags":[],"_links":{"self":[{"href":"https:\/\/pasaenmendoza.com\/index.php?rest_route=\/wp\/v2\/posts\/8682"}],"collection":[{"href":"https:\/\/pasaenmendoza.com\/index.php?rest_route=\/wp\/v2\/posts"}],"about":[{"href":"https:\/\/pasaenmendoza.com\/index.php?rest_route=\/wp\/v2\/types\/post"}],"author":[{"embeddable":true,"href":"https:\/\/pasaenmendoza.com\/index.php?rest_route=\/wp\/v2\/users\/2"}],"replies":[{"embeddable":true,"href":"https:\/\/pasaenmendoza.com\/index.php?rest_route=%2Fwp%2Fv2%2Fcomments&post=8682"}],"version-history":[{"count":1,"href":"https:\/\/pasaenmendoza.com\/index.php?rest_route=\/wp\/v2\/posts\/8682\/revisions"}],"predecessor-version":[{"id":8685,"href":"https:\/\/pasaenmendoza.com\/index.php?rest_route=\/wp\/v2\/posts\/8682\/revisions\/8685"}],"wp:featuredmedia":[{"embeddable":true,"href":"https:\/\/pasaenmendoza.com\/index.php?rest_route=\/wp\/v2\/media\/8683"}],"wp:attachment":[{"href":"https:\/\/pasaenmendoza.com\/index.php?rest_route=%2Fwp%2Fv2%2Fmedia&parent=8682"}],"wp:term":[{"taxonomy":"category","embeddable":true,"href":"https:\/\/pasaenmendoza.com\/index.php?rest_route=%2Fwp%2Fv2%2Fcategories&post=8682"},{"taxonomy":"post_tag","embeddable":true,"href":"https:\/\/pasaenmendoza.com\/index.php?rest_route=%2Fwp%2Fv2%2Ftags&post=8682"}],"curies":[{"name":"wp","href":"https:\/\/api.w.org\/{rel}","templated":true}]}}