{"id":8689,"date":"2024-07-22T15:11:18","date_gmt":"2024-07-22T13:11:18","guid":{"rendered":"https:\/\/pasaenmendoza.com\/?p=8689"},"modified":"2024-07-22T15:11:19","modified_gmt":"2024-07-22T13:11:19","slug":"cornejo-y-la-impresion-de-haber-soltado-la-gestion","status":"publish","type":"post","link":"https:\/\/pasaenmendoza.com\/?p=8689","title":{"rendered":"Cornejo y la impresi\u00f3n de haber &#8220;soltado&#8221; la gesti\u00f3n"},"content":{"rendered":"\n<p>El gobernador sigue administrando su incomodidad pol\u00edtica en relaci\u00f3n al gobierno de Milei. Mientras tanto, atraves\u00f3 una semana cr\u00edtica que mostr\u00f3 falencias el manejo del d\u00eda a d\u00eda del Gobierno.<\/p>\n\n\n\n<p>En alguna oportunidad \u00e9l mismo lo admiti\u00f3. Si algo lo tranquilizaba a<strong>\u00a0Alfredo Cornejo\u00a0<\/strong>en medio de la crisis que atraviesa el pa\u00eds, era que, al menos,\u00a0iba a poder contar con los recursos de Portezuelo del Viento\u00a0que le iban a permitir, ante un escenario de ca\u00edda de la actividad econ\u00f3mica y p\u00e9rdida de recursos tanto nacionales como provinciales, por lo menos poder mostrar alguna actividad importante de gobierno. \u201cEsos mil millones de d\u00f3lares me dejan dormir tranquilo\u201d, expres\u00f3 el gobernador hace no mucho tiempo en ese sentido.<\/p>\n\n\n\n<p>Esa plata ya est\u00e1. Mendoza la tiene asegurada y, tras el\u00a0acuerdo al que lleg\u00f3 el propio mandatario con la Casa Rosada\u00a0en el fragor de la discusi\u00f3n por la Ley Bases, incluso se va a poder destinar para hacer lo que la provincia quiera con ella. No existe hoy en el contexto del pa\u00eds, otra provincia que disponga de una reserva de fondos de tal magnitud para hacer obras p\u00fablicas. Y en una Argentina, adem\u00e1s, en donde la obra p\u00fablica se ha convertido en una acci\u00f3n pol\u00edticamente vergonzante a ra\u00edz de los tiempos que corren.<\/p>\n\n\n\n<p><strong>Cornejo\u00a0<\/strong>consigui\u00f3 la libre disponibilidad de esos fondos despu\u00e9s de haber trabajado a destajo para que Javier\u00a0<strong>Milei\u00a0<\/strong>lograra sacar finalmente del Congreso las leyes que ped\u00eda. Pero m\u00e1s all\u00e1 de ese apoyo y ese logro conseguido, la posici\u00f3n pol\u00edtica del mendocino contin\u00faa siendo inc\u00f3moda en la actualidad. El gobernador nunca consigui\u00f3 su objetivo de convertirse en el eje de los mandatarios de Juntos por el Cambio que se mostraron dialoguistas y dispuestos a influir, para que sus diputados y senadores votaran lo que la administraci\u00f3n libertar\u00eda ped\u00eda. Hoy, ni siquiera puede mostrarse como la cabeza de los jefes de provincia de la UCR, dispersos por los problemas individuales de cada uno de sus distritos y ocupados en asuntos de gravedad como es el caso de Gustavo Valdez, el correntino jaqueado por el caso Loan.<\/p>\n\n\n\n<p>Esa misma incomodidad plantea un interrogante de corto alcance.&nbsp;<strong>Cornejo&nbsp;<\/strong>sigue convencido de que Milei tiene la posibilidad cierta de sacar al pa\u00eds de su crisis cr\u00f3nica y que a futuro puede llegar a encauzar las variables de la econom\u00eda para que, como objetivo, Mendoza pueda gozar de ese repunte y salir a su vez de su estancamiento. Est\u00e1 haciendo todo lo que puede para que, en ese sentido, al presidente le vaya bien.<\/p>\n\n\n\n<p>Sin embargo, ante esta certeza tambi\u00e9n surge una duda. \u00bfTendr\u00e1 l\u00edmites&nbsp;ese apoyo? En la actualidad nada hace prever que, m\u00e1s all\u00e1 de alguna cr\u00edtica ligera al modelo o hacia alguna decisi\u00f3n tomada por parte de La Libertad Avanza, los pies del gobernador saldr\u00e1n del plato. En una provincia en la que&nbsp;<strong>Milei&nbsp;<\/strong>cosecha un nivel de aceptaci\u00f3n en las encuestas de m\u00e1s del 50% en medio de un ajuste muy fuerte que impact\u00f3 sobre la clase media, es dif\u00edcil pensar que&nbsp;<strong>Cornejo&nbsp;<\/strong>saldr\u00e1 a pararse en la vereda de enfrente. Pero habr\u00e1 que estar atentos a la continuidad o no de esta tendencia: hacia finales de junio, la imagen de Mieli en Mendoza cay\u00f3 cinco puntos, seg\u00fan sondeos que el propio gobierno provincial tiene en su poder.<\/p>\n\n\n\n<p>Hay muchas cosas que a&nbsp;<strong>Cornejo&nbsp;<\/strong>no le gustan del gobierno nacional, pero cree que todav\u00eda tiene cierto margen de maniobra para administrar ese lugar inc\u00f3modo en el que, hay de recordar, se encuentra desde el principio de estos tiempos. Pero llegar\u00e1 el momento de las definiciones. Una en el plazo del pr\u00f3ximo mes. La otra (y m\u00e1s trascendente en lo pol\u00edtico)&nbsp;quiz\u00e1s hacia&nbsp;principios del a\u00f1o que viene.<\/p>\n\n\n\n<p>Comenzando por el final, la estrategia electoral del oficialismo mendocino para las legislativas del 2025 es todo un misterio. Hoy, toma cierto cuerpo la alternativa que impulsa Luis Petri para que todo lo que tenga que ver con el antikirchnerismo en Mendoza termine integrado en una misma lista. Y que ese cocoliche lo terminen conformando radicales, libertarios, dem\u00f3cratas y&nbsp;referentes de la Uni\u00f3n Mendocina de Omar De Marchi, entre otros. Pero para que esto ocurra falta much\u00edsimo tiempo y esfuerzo. El tiempo es clave, porque el plan de Petri (que adem\u00e1s est\u00e1 sustentando en sus propias aspiraciones personales para el 2027) est\u00e1 atado a que&nbsp;<strong>Milei&nbsp;<\/strong>le vaya bien. Y el esfuerzo es esencial: si se diera en la actualidad&nbsp;un armado de estas caracter\u00edsticas, cerrar\u00eda perfectamente con esa imagen tan conocida de la bolsa y lo que pasa cuando se meten gatos adentro de ella.<\/p>\n\n\n\n<p>Durante agosto el radicalismo en el Senado tendr\u00e1 que definir qu\u00e9 postura tomar\u00e1 con los pliegos de Ariel Lijo y de Manuel Garc\u00eda Mansilla para nombrarlos jueces de la Corte Suprema de Justicia, que el poder Ejecutivo ya envi\u00f3 para su debate en la C\u00e1mara Alta. En medio de la di\u00e1spora, dif\u00edcilmente el bloque de la UCR termine adoptando una postura unificada y all\u00ed es donde\u00a0<strong>Cornejo\u00a0<\/strong>deber\u00e1 decidir cu\u00e1l es la instrucci\u00f3n sobre Mariana Jury y sobre Rodolfo Suarez que, como se sabe, son dos legisladores nacionales que le responden.<\/p>\n\n\n\n<p>A decir verdad, es todo un enigma por el momento qu\u00e9 pasar\u00e1 con estas dos postulaciones que levantaron, sobre todo la de Lijo, much\u00edsima controversia. Mientras decide qu\u00e9 hacer, el radicalismo est\u00e1 pendiente de la posibilidad de un acuerdo entre el oficialismo y algunos senadores del kirchnerismo. Aunque tambi\u00e9n se menciona la alternativa de que la Casa Rosada plantee un acuerdo m\u00e1s abarcativo que incluya, por caso,&nbsp;cubrir vacantes en varios juzgados y C\u00e1maras federales del pa\u00eds y, sobre todo, la posibilidad de discutir la ampliaci\u00f3n de la cantidad de miembros de la misma Corte.<\/p>\n\n\n\n<p>Si va por un acuerdo en las provincias, quiz\u00e1s&nbsp;<strong>Milei&nbsp;<\/strong>termine llegando tarde a Mendoza. Hace una semana se conocieron como quedaron conformadas las ternas para terminar de cubrir las tres vacantes que restan en la estrat\u00e9gica C\u00e1mara Federal de Apelaciones y all\u00ed parece que est\u00e1 casi todo abrochado. Un lugar ser\u00e1 para&nbsp;<strong>Cornejo<\/strong>, otro para el kirchnerismo y el otro todav\u00eda est\u00e1 por verse. Lo \u00fanico que resta saber&nbsp;es qu\u00e9 nombre termina eligiendo cada sector,&nbsp;entre los que ya fueron postulados.<\/p>\n\n\n\n<p>Pero mientras tanto se ocupa de las cuestiones nacionales,&nbsp;<strong>Cornejo&nbsp;<\/strong>tiene una provincia que atender. Y por lo que se observ\u00f3 en estos \u00faltimos tiempos, est\u00e1 llevando adelante la tarea con much\u00edsimas dificultades. Podr\u00e1 discutirse, pero para un dirigente que siempre trat\u00f3 de mostrarse como alguien capaz de llevar muy cortas las riendas de la gesti\u00f3n, la semana que pas\u00f3 fue una de las peores en ese sentido. Sino la peor. Dentro del oficialismo reconocen esto y alguna que otra voz cr\u00edtica asoma: \u201c<strong>Da la sensaci\u00f3n de que el Alfredo solt\u00f3 la gesti\u00f3n\u201d, admiten.<\/strong><\/p>\n\n\n\n<p>No son novedad las falencias en Seguridad. Pero dos muertes en las calles y varios heridos de bala golpearon otra vez y el ministerio que conduce Mercedes Rus volvi\u00f3 a dejar al desnudo de manera notable su incapacidad para montar operativos efectivos durante los partidos de los equipos de primera divisi\u00f3n. Cuentan que recientemente&nbsp;uno de los pocos, poqu\u00edsimos funcionarios de esta administraci\u00f3n que se atreven a decirle que no alguna vez, termin\u00f3 sacudiendo al gobernador por esta situaci\u00f3n. Sobre todo, por los asesinatos en la v\u00eda p\u00fablica.<\/p>\n\n\n\n<p>La avanzada sobre la lucha antigranizo dej\u00f3 al descubierto otro problema, asimismo. No hay demasiadas dudas acerca de que el sistema nunca dio los resultados esperados y que, en el marco de la falta de recursos, la reasignaci\u00f3n de m\u00e1s de $10.000 millones por a\u00f1os que cuesta mantener a los aviones y pilotos sea una opci\u00f3n. Pero probablemente el problema no est\u00e9 arriba, en el cielo. Sino abajo, en la tierra.<\/p>\n\n\n\n<p>El fin de la lucha antigranizo llena de incertidumbre a centenares de minifundistas que vienen golpeados por la p\u00e9rdida de rentabilidad que arrastran desde hace d\u00e9cadas y que ven ahora un problema m\u00e1s (y grave) delante de ellos. Por eso los focos de resistencia a la medida del gobierno se dieron en los oasis productivos del Este y del Sur, que est\u00e1n conformados por productores peque\u00f1os que no hacen ahora otra cosa m\u00e1s que meterles presi\u00f3n a sus intendentes. Da toda la impresi\u00f3n que el ministro de producci\u00f3n, Rodolfo Vargas Arizu, pas\u00f3 la motosierra sin contemplaciones. Como es la moda.<\/p>\n\n\n\n<p>Pero ante este panorama, hubo un hecho destacado en donde la gesti\u00f3n provincial mostr\u00f3 su costado m\u00e1s d\u00e9bil: el manejo del turismo. Por la falta de infraestructura y por la precariedad en los servicios de la oferta de nieve, la primera semana de la temporada alta de invierno fue ca\u00f3tica para los miles de visitantes de la alta monta\u00f1a para los cuales fue una odisea ir y volver. Este, entre otros trastornos.<\/p>\n\n\n\n<p>Y en el medio&nbsp;otro anuncio de una adjudicaci\u00f3n para explotar la joya tur\u00edstica de la provincia como es el perilago del dique Potrerillos, que nuevamente dej\u00f3 muchas falencias a la vista. Cosas del destino: a dos a\u00f1os exactos de que se adjudicara a empresas privadas el desarrollo de la costa Sur del dique, el gobierno avanz\u00f3 para concesionar emprendimientos en la costa Norte. El problema es que, de este lado, pas\u00f3 todo este tiempo y todav\u00eda no hay nada.<\/p>\n\n\n\n<p>En julio de 2022&nbsp;se adjudic\u00f3 a la empresa Mendo Travel SRL y a Potrerillos Resort SA las \u00e1reas del perilago inclu\u00eddas en Luj\u00e1n de Cuyo, bajo el compromiso de una inversi\u00f3n de U$S 10 millones en los dos primeros y de U$S 30 millones para los pr\u00f3ximos 30 a\u00f1os. Nada de lo firmado sucedi\u00f3 todav\u00eda. Potrerillos Resort reci\u00e9n hace pocos d\u00edas present\u00f3 su proyecto ejecutivo y Mendo Travel (Fernando Porreta) ni siquiera apareci\u00f3 para, al menos, mover el expediente.<\/p>\n\n\n\n<p>La ministra de Energ\u00eda y Ambiente, Jimena Latorre, se mostr\u00f3 muy activa en los medios en estos d\u00edas destacando las bondades del \u201cmasterplan\u201d para entregarle a privados tierras fiscales para que desarrollen negocios en la costa que corresponde a Las Heras. El &#8220;master&#8221; no es otra cosa que un acuerdo establecido hace unos&nbsp;a\u00f1os para que algunos emprendedores que ya tienen proyectos tur\u00edsticos en el lugar, pudiera&nbsp;ampliarse mediante la cesi\u00f3n de tierras en un pol\u00edgono que es propiedad del Estado. En la zona no hay servicios ni de luz, ni de gas y, lo m\u00e1s importante, ni de agua. Y&nbsp;eso puede marcar el nivel del desarrollo que podr\u00eda alcanzar la zona. El \u00fanico acceso es a trav\u00e9s de un viejo puente del ferrocarril trasandino que no est\u00e1 acondicionado para que circulen por \u00e9l decenas de veh\u00edculos y el camino terrestre no resiste, en algunos tramos, el paso de m\u00e1s de un auto a la vez y est\u00e1 en mal estado.<\/p>\n\n\n\n<p>Un par de detalles\u00a0adicionales: uno de los nuevos concesionarios es Mapsa Group que ya maneja un parque de agua en el lugar y que se qued\u00f3 con Penitentes. A esta altura, parece ser la empresa tur\u00edstica de la corona. Otra de las empresas concesionadas, ya tiene un desarrollo inmobiliario en el lugar que, en 2020, mereci\u00f3 la atenci\u00f3n. El Departamento General de Irrigaci\u00f3n pretendi\u00f3 habilitarle el uso del agua del dique (que para ese tipo de zonas est\u00e1 prohibido) y la difusi\u00f3n p\u00fablica del esc\u00e1ndalo oblig\u00f3 a que tuvieran que retirar las bombas de profundidad que ya hab\u00edan instalado para tal fin. A esos mismos, ahora, les permitir\u00e1n ampliar el negocio.\u00a0<\/p>\n\n\n\n<p>FUENTE: MDZonline. <\/p>\n","protected":false},"excerpt":{"rendered":"<p>El gobernador sigue administrando su incomodidad pol\u00edtica en relaci\u00f3n al gobierno de Milei. Mientras tanto, atraves\u00f3 una semana cr\u00edtica que mostr\u00f3 falencias el manejo del d\u00eda a d\u00eda del Gobierno. En alguna oportunidad \u00e9l mismo lo admiti\u00f3. Si algo lo tranquilizaba a\u00a0Alfredo Cornejo\u00a0en medio de la crisis que atraviesa el pa\u00eds, era que, al menos,\u00a0iba [&hellip;]<\/p>\n","protected":false},"author":2,"featured_media":8690,"comment_status":"open","ping_status":"open","sticky":true,"template":"","format":"standard","meta":[],"categories":[47],"tags":[],"_links":{"self":[{"href":"https:\/\/pasaenmendoza.com\/index.php?rest_route=\/wp\/v2\/posts\/8689"}],"collection":[{"href":"https:\/\/pasaenmendoza.com\/index.php?rest_route=\/wp\/v2\/posts"}],"about":[{"href":"https:\/\/pasaenmendoza.com\/index.php?rest_route=\/wp\/v2\/types\/post"}],"author":[{"embeddable":true,"href":"https:\/\/pasaenmendoza.com\/index.php?rest_route=\/wp\/v2\/users\/2"}],"replies":[{"embeddable":true,"href":"https:\/\/pasaenmendoza.com\/index.php?rest_route=%2Fwp%2Fv2%2Fcomments&post=8689"}],"version-history":[{"count":1,"href":"https:\/\/pasaenmendoza.com\/index.php?rest_route=\/wp\/v2\/posts\/8689\/revisions"}],"predecessor-version":[{"id":8691,"href":"https:\/\/pasaenmendoza.com\/index.php?rest_route=\/wp\/v2\/posts\/8689\/revisions\/8691"}],"wp:featuredmedia":[{"embeddable":true,"href":"https:\/\/pasaenmendoza.com\/index.php?rest_route=\/wp\/v2\/media\/8690"}],"wp:attachment":[{"href":"https:\/\/pasaenmendoza.com\/index.php?rest_route=%2Fwp%2Fv2%2Fmedia&parent=8689"}],"wp:term":[{"taxonomy":"category","embeddable":true,"href":"https:\/\/pasaenmendoza.com\/index.php?rest_route=%2Fwp%2Fv2%2Fcategories&post=8689"},{"taxonomy":"post_tag","embeddable":true,"href":"https:\/\/pasaenmendoza.com\/index.php?rest_route=%2Fwp%2Fv2%2Ftags&post=8689"}],"curies":[{"name":"wp","href":"https:\/\/api.w.org\/{rel}","templated":true}]}}