{"id":869,"date":"2023-08-23T15:07:29","date_gmt":"2023-08-23T13:07:29","guid":{"rendered":"https:\/\/pasaenmendoza.com\/?p=869"},"modified":"2023-08-23T15:07:30","modified_gmt":"2023-08-23T13:07:30","slug":"se-incendio-el-galpon-municipal-de-las-heras","status":"publish","type":"post","link":"https:\/\/pasaenmendoza.com\/?p=869","title":{"rendered":"Se incendi\u00f3 el galp\u00f3n municipal de Las Heras"},"content":{"rendered":"\n<p>Alrededor de las 2 de la ma\u00f1ana de este mi\u00e9rcoles,\u00a0<strong>el galp\u00f3n municipal de Las Hera<\/strong>s, ubicado en la calle Jos\u00e9 Hern\u00e1ndez al 1.400 de la comuna,\u00a0<strong>se incendi\u00f3<\/strong>.<\/p>\n\n\n\n<p>Al lugar llegaron bomberos voluntarios del Cuartel Central, Ciudad y tambi\u00e9n de Las Heras, quienes brindaron el apoyo h\u00eddrico.<\/p>\n\n\n\n<p>Las llamas lograron ser controladas con colaboraci\u00f3n del cuerpo de Godoy Cruz, Defensa Civil de Las Hersa y la Direcci\u00f3n Provincial.<\/p>\n\n\n\n<p>El galp\u00f3n tuvo p\u00e9rdidas parciales en su lado Norte, una viga casi cede, adem\u00e1s se prendieron fuego cubiertas, mobiliarios y otros materiales que hab\u00eda dentro del galp\u00f3n.<\/p>\n\n\n\n<p>Las causas por ahora no se conocen, los especialistas realizar\u00e1n las pericias durante la ma\u00f1ana con la luz diurna.<\/p>\n\n\n\n<p><strong>Fuente: www.mendozapost.com<\/strong><\/p>\n","protected":false},"excerpt":{"rendered":"<p>Alrededor de las 2 de la ma\u00f1ana de este mi\u00e9rcoles,\u00a0el galp\u00f3n municipal de Las Heras, ubicado en la calle Jos\u00e9 Hern\u00e1ndez al 1.400 de la comuna,\u00a0se incendi\u00f3. Al lugar llegaron bomberos voluntarios del Cuartel Central, Ciudad y tambi\u00e9n de Las Heras, quienes brindaron el apoyo h\u00eddrico. Las llamas lograron ser controladas con colaboraci\u00f3n del cuerpo [&hellip;]<\/p>\n","protected":false},"author":2,"featured_media":870,"comment_status":"open","ping_status":"open","sticky":false,"template":"","format":"standard","meta":[],"categories":[48],"tags":[],"_links":{"self":[{"href":"https:\/\/pasaenmendoza.com\/index.php?rest_route=\/wp\/v2\/posts\/869"}],"collection":[{"href":"https:\/\/pasaenmendoza.com\/index.php?rest_route=\/wp\/v2\/posts"}],"about":[{"href":"https:\/\/pasaenmendoza.com\/index.php?rest_route=\/wp\/v2\/types\/post"}],"author":[{"embeddable":true,"href":"https:\/\/pasaenmendoza.com\/index.php?rest_route=\/wp\/v2\/users\/2"}],"replies":[{"embeddable":true,"href":"https:\/\/pasaenmendoza.com\/index.php?rest_route=%2Fwp%2Fv2%2Fcomments&post=869"}],"version-history":[{"count":1,"href":"https:\/\/pasaenmendoza.com\/index.php?rest_route=\/wp\/v2\/posts\/869\/revisions"}],"predecessor-version":[{"id":871,"href":"https:\/\/pasaenmendoza.com\/index.php?rest_route=\/wp\/v2\/posts\/869\/revisions\/871"}],"wp:featuredmedia":[{"embeddable":true,"href":"https:\/\/pasaenmendoza.com\/index.php?rest_route=\/wp\/v2\/media\/870"}],"wp:attachment":[{"href":"https:\/\/pasaenmendoza.com\/index.php?rest_route=%2Fwp%2Fv2%2Fmedia&parent=869"}],"wp:term":[{"taxonomy":"category","embeddable":true,"href":"https:\/\/pasaenmendoza.com\/index.php?rest_route=%2Fwp%2Fv2%2Fcategories&post=869"},{"taxonomy":"post_tag","embeddable":true,"href":"https:\/\/pasaenmendoza.com\/index.php?rest_route=%2Fwp%2Fv2%2Ftags&post=869"}],"curies":[{"name":"wp","href":"https:\/\/api.w.org\/{rel}","templated":true}]}}