{"id":8695,"date":"2024-07-22T15:26:06","date_gmt":"2024-07-22T13:26:06","guid":{"rendered":"https:\/\/pasaenmendoza.com\/?p=8695"},"modified":"2024-07-22T15:26:07","modified_gmt":"2024-07-22T13:26:07","slug":"el-proyecto-mendocino-que-busca-igualar-a-represores-con-corruptos","status":"publish","type":"post","link":"https:\/\/pasaenmendoza.com\/?p=8695","title":{"rendered":"El proyecto mendocino que busca &#8220;igualar&#8221; a represores con corruptos"},"content":{"rendered":"\n<p>Esta semana ingresar\u00e1 a la Legislatura un proyecto de declaraci\u00f3n del diputado\u00a0<strong>Gustavo Cairo\u00a0<\/strong>(LLA) para solicitar que tal como sucede con los represores, los<strong>\u00a0funcionarios condenados por hechos de corrupci\u00f3n no puedan acceder a la prisi\u00f3n domiciliaria<\/strong>\u00a0ni siquiera pasando los 70 a\u00f1os de edad.<\/p>\n\n\n\n<p>El momento en el que se dar\u00e1 este debate en la Legislatura de Mendoza parece no ser casual:\u00a0ser\u00e1 d\u00edas despu\u00e9s de que se hiciera p\u00fablica la reuni\u00f3n de diputados de La Libertad Avanza, mismo partido que adopt\u00f3 recientemente Cairo, con represores condenados a perpetua, con Alfredo Astiz a la cabeza.<\/p>\n\n\n\n<p>&#8220;La C\u00e1mara de Diputados de Mendoza ver\u00eda con agrado\u00a0<strong>que el Congreso de la Naci\u00f3n modifique el art\u00edculo 10 del C\u00f3digo Penal de la Naci\u00f3n<\/strong>, al efecto de que los funcionarios p\u00fablicos que fueren condenados por corrupci\u00f3n, deban cumplir prisi\u00f3n efectiva, a\u00fan despu\u00e9s de cumplidos los 70 a\u00f1os de edad&#8221;, dice el proyecto.<\/p>\n\n\n\n<p>Adem\u00e1s, solicita tambi\u00e9n al Congreso que &#8220;los ex Presidentes y ex Vicepresidentes de la Naci\u00f3n, pierdan toda asignaci\u00f3n de privilegio, cuando hayan sido condenados por alguno de los delitos contra el erario p\u00fablico tipificados en el C\u00f3digo Penal de la Naci\u00f3n&#8221;.<\/p>\n\n\n\n<p>Si bien no lo menciona el texto, este reclamo estar\u00eda fundado en la situaci\u00f3n de la expresidenta\u00a0Cristina Kirchner:\u00a0llegado el caso de que la condena que tiene en su contra, y posiblemente algunas m\u00e1s, sean ratificadas en las sucesivas c\u00e1maras revisoras,<strong>\u00a0nunca ir\u00eda a la c\u00e1rcel ya que por la edad gozar\u00eda del beneficio de prisi\u00f3n domiciliaria<\/strong>.<\/p>\n\n\n\n<p>Entre los argumentos formales de esta solicitud, se destaca: &#8220;Un alto funcionario p\u00fablico, a quien se le hubiere comprobado un accionar corrupto y condenado, que no cumple efectivamente la condena, si no que se le concede el beneficio de la prisi\u00f3n domiciliaria, no satisface el sentido de Justicia de la poblaci\u00f3n, que pide un cumplimiento efectivo de las condenas, especialmente cuando se trata de este tipo de delitos&#8221;.<\/p>\n\n\n\n<p>Este tipo de proyectos que en este caso tratar\u00e1 la C\u00e1mara de Diputados no tienen un efecto inmediato: es una declaraci\u00f3n y adem\u00e1s las provincias no tienen injerencia en el C\u00f3digo Penal. Por el contrario, es un pedido que busca instalar un tema y que los diferentes bloques sienten postura al respecto.<\/p>\n\n\n\n<p>FUENTE: Mendozapost<\/p>\n","protected":false},"excerpt":{"rendered":"<p>Esta semana ingresar\u00e1 a la Legislatura un proyecto de declaraci\u00f3n del diputado\u00a0Gustavo Cairo\u00a0(LLA) para solicitar que tal como sucede con los represores, los\u00a0funcionarios condenados por hechos de corrupci\u00f3n no puedan acceder a la prisi\u00f3n domiciliaria\u00a0ni siquiera pasando los 70 a\u00f1os de edad. El momento en el que se dar\u00e1 este debate en la Legislatura de [&hellip;]<\/p>\n","protected":false},"author":2,"featured_media":8696,"comment_status":"open","ping_status":"open","sticky":true,"template":"","format":"standard","meta":[],"categories":[47],"tags":[],"_links":{"self":[{"href":"https:\/\/pasaenmendoza.com\/index.php?rest_route=\/wp\/v2\/posts\/8695"}],"collection":[{"href":"https:\/\/pasaenmendoza.com\/index.php?rest_route=\/wp\/v2\/posts"}],"about":[{"href":"https:\/\/pasaenmendoza.com\/index.php?rest_route=\/wp\/v2\/types\/post"}],"author":[{"embeddable":true,"href":"https:\/\/pasaenmendoza.com\/index.php?rest_route=\/wp\/v2\/users\/2"}],"replies":[{"embeddable":true,"href":"https:\/\/pasaenmendoza.com\/index.php?rest_route=%2Fwp%2Fv2%2Fcomments&post=8695"}],"version-history":[{"count":1,"href":"https:\/\/pasaenmendoza.com\/index.php?rest_route=\/wp\/v2\/posts\/8695\/revisions"}],"predecessor-version":[{"id":8697,"href":"https:\/\/pasaenmendoza.com\/index.php?rest_route=\/wp\/v2\/posts\/8695\/revisions\/8697"}],"wp:featuredmedia":[{"embeddable":true,"href":"https:\/\/pasaenmendoza.com\/index.php?rest_route=\/wp\/v2\/media\/8696"}],"wp:attachment":[{"href":"https:\/\/pasaenmendoza.com\/index.php?rest_route=%2Fwp%2Fv2%2Fmedia&parent=8695"}],"wp:term":[{"taxonomy":"category","embeddable":true,"href":"https:\/\/pasaenmendoza.com\/index.php?rest_route=%2Fwp%2Fv2%2Fcategories&post=8695"},{"taxonomy":"post_tag","embeddable":true,"href":"https:\/\/pasaenmendoza.com\/index.php?rest_route=%2Fwp%2Fv2%2Ftags&post=8695"}],"curies":[{"name":"wp","href":"https:\/\/api.w.org\/{rel}","templated":true}]}}