{"id":8698,"date":"2024-07-22T15:29:37","date_gmt":"2024-07-22T13:29:37","guid":{"rendered":"https:\/\/pasaenmendoza.com\/?p=8698"},"modified":"2024-07-22T15:29:38","modified_gmt":"2024-07-22T13:29:38","slug":"mercedes-rus-destaco-que-este-ano-ya-se-recuperaron-26-toneladas-de-cables-robados-en-mendoza","status":"publish","type":"post","link":"https:\/\/pasaenmendoza.com\/?p=8698","title":{"rendered":"Mercedes Rus destac\u00f3 que este a\u00f1o ya se recuperaron 26 toneladas de cables robados en Mendoza"},"content":{"rendered":"\n<p>La ministra de Seguridad y Justicia, Mercedes Rus, cont\u00f3 que se intensific\u00f3 la lucha contra el mercado ilegal de metales y se lograron avances significativos<\/p>\n\n\n\n<p>La ministra de Seguridad y Justicia de la provincia,\u00a0<strong>Mercedes Rus,\u00a0<\/strong>asegur\u00f3 que el \u00e1rea a su cargo logr\u00f3 avances significativos contra el\u00a0<strong>mercado ilegal de cobre<\/strong>\u00a0en Mendoza<\/p>\n\n\n\n<p>Con la incautaci\u00f3n de m\u00e1s de 26 toneladas de cobre y la<strong>\u00a0detenci\u00f3n de 56 personas<\/strong>\u00a0en el \u00faltimo a\u00f1o, se intensific\u00f3 la lucha contra el robo y comercializaci\u00f3n de metales no ferrosos.<\/p>\n\n\n\n<h2 class=\"wp-block-heading\">M\u00e1s de 100 allanamientos contra el mercado ilegal del cobre<\/h2>\n\n\n\n<p>Desde la reglamentaci\u00f3n de una&nbsp;<strong>nueva ley<\/strong>, se han ejecutado diversos operativos en chacharitas que se suman a las investigaciones iniciadas por hechos delictivos. La implementaci\u00f3n del plan integral ha resultado en<strong>&nbsp;m\u00e1s de 100 allanamientos<\/strong>&nbsp;en lo que va del a\u00f1o, con los que se logr\u00f3 desbaratar redes de compraventa ilegal en la provincia.<\/p>\n\n\n\n<p>La ministra de Seguridad y Justicia enfatiz\u00f3: \u201c<strong>Estamos trabajando en el tema del cobre de manera espec\u00edfica<\/strong>, no s\u00f3lo a trav\u00e9s de la legislaci\u00f3n, sino tambi\u00e9n mediante un sistema que hemos desarrollado para controlar los mercados ilegales y la comercializaci\u00f3n\u201d.<\/p>\n\n\n\n<p>Asimismo, resalt\u00f3 la creaci\u00f3n de un equipo especializado dentro de la<strong>&nbsp;Direcci\u00f3n de Investigaciones<\/strong>&nbsp;y la coordinaci\u00f3n con el&nbsp;<strong>Ministerio P\u00fablico Fiscal<\/strong>, unificando fiscales especializados en esta \u00e1rea.<\/p>\n\n\n\n<p>Rus destac\u00f3 los logros obtenidos en la investigaci\u00f3n de hechos relacionados con robos de cables y sustracciones de luminarias: \u201cHemos llevado a cabo un seguimiento judicial exhaustivo que ha permitido importantes avances. Por ejemplo, en Guaymall\u00e9n hemos investigado inicialmente casos de reflectores, los cuales revelaron\u00a0<strong>conexiones con otros robos en la v\u00eda p\u00fablica<\/strong>, de tel\u00e9fonos celulares y otros bienes\u201d.<\/p>\n\n\n\n<p>Un caso significativo tuvo lugar recientemente en Godoy Cruz, donde se alcanz\u00f3 una condena r\u00e9cord a fines de junio. Durante este operativo, se confiscaron sierras y otros elementos utilizados para el manejo de cobre y cables, marcando \u201cun precedente importante tanto por las detenciones realizadas como por la&nbsp;<strong>r\u00e1pida sentencia dictada<\/strong>\u201d, se\u00f1al\u00f3.<\/p>\n\n\n\n<p>La funcionaria subray\u00f3 tambi\u00e9n la importancia del trabajo coordinado con el sector privado, ilustrando un caso ocurrido el 7 de junio en el departamento de San Mart\u00edn donde empleados de Movistar fueron arrestados tras perpetrar un robo de cables.<strong>&nbsp;\u201cLos implicados inclu\u00edan a dos individuos que actuaban como fleteros y otros dos que eran empleados de la empresa\u201d.<\/strong><\/p>\n\n\n\n<p>Rus mencion\u00f3 su participaci\u00f3n reciente junto a otros directores y jefes policiales en un foro organizado por el Instituto Argentino del Petr\u00f3leo y del Gas (IAPG), denominado&nbsp;<strong>\u201cMendoza: un modelo de gesti\u00f3n contra el delito de metales\u201d<\/strong>, que tuvo como objetivo mostrar el trabajo realizado en la provincia a otras jurisdicciones, destacando la exitosa relaci\u00f3n entre los sectores p\u00fablico y privado.<\/p>\n\n\n\n<p>\u201cVarias carteras de Seguridad del pa\u00eds enfrentan esta problem\u00e1tica y algunas han expresado inter\u00e9s en\u00a0<strong>replicar el modelo mendocino<\/strong>\u00a0debido a los resultados obtenidos tras la reglamentaci\u00f3n de la ley\u201d, concluy\u00f3 la ministra.<\/p>\n\n\n\n<p>FUENTE: Diariouno.com.ar <\/p>\n","protected":false},"excerpt":{"rendered":"<p>La ministra de Seguridad y Justicia, Mercedes Rus, cont\u00f3 que se intensific\u00f3 la lucha contra el mercado ilegal de metales y se lograron avances significativos La ministra de Seguridad y Justicia de la provincia,\u00a0Mercedes Rus,\u00a0asegur\u00f3 que el \u00e1rea a su cargo logr\u00f3 avances significativos contra el\u00a0mercado ilegal de cobre\u00a0en Mendoza Con la incautaci\u00f3n de m\u00e1s [&hellip;]<\/p>\n","protected":false},"author":2,"featured_media":8699,"comment_status":"open","ping_status":"open","sticky":true,"template":"","format":"standard","meta":[],"categories":[47],"tags":[],"_links":{"self":[{"href":"https:\/\/pasaenmendoza.com\/index.php?rest_route=\/wp\/v2\/posts\/8698"}],"collection":[{"href":"https:\/\/pasaenmendoza.com\/index.php?rest_route=\/wp\/v2\/posts"}],"about":[{"href":"https:\/\/pasaenmendoza.com\/index.php?rest_route=\/wp\/v2\/types\/post"}],"author":[{"embeddable":true,"href":"https:\/\/pasaenmendoza.com\/index.php?rest_route=\/wp\/v2\/users\/2"}],"replies":[{"embeddable":true,"href":"https:\/\/pasaenmendoza.com\/index.php?rest_route=%2Fwp%2Fv2%2Fcomments&post=8698"}],"version-history":[{"count":1,"href":"https:\/\/pasaenmendoza.com\/index.php?rest_route=\/wp\/v2\/posts\/8698\/revisions"}],"predecessor-version":[{"id":8700,"href":"https:\/\/pasaenmendoza.com\/index.php?rest_route=\/wp\/v2\/posts\/8698\/revisions\/8700"}],"wp:featuredmedia":[{"embeddable":true,"href":"https:\/\/pasaenmendoza.com\/index.php?rest_route=\/wp\/v2\/media\/8699"}],"wp:attachment":[{"href":"https:\/\/pasaenmendoza.com\/index.php?rest_route=%2Fwp%2Fv2%2Fmedia&parent=8698"}],"wp:term":[{"taxonomy":"category","embeddable":true,"href":"https:\/\/pasaenmendoza.com\/index.php?rest_route=%2Fwp%2Fv2%2Fcategories&post=8698"},{"taxonomy":"post_tag","embeddable":true,"href":"https:\/\/pasaenmendoza.com\/index.php?rest_route=%2Fwp%2Fv2%2Ftags&post=8698"}],"curies":[{"name":"wp","href":"https:\/\/api.w.org\/{rel}","templated":true}]}}