{"id":8701,"date":"2024-07-22T23:59:19","date_gmt":"2024-07-22T21:59:19","guid":{"rendered":"https:\/\/pasaenmendoza.com\/?p=8701"},"modified":"2024-07-22T23:59:20","modified_gmt":"2024-07-22T21:59:20","slug":"el-gobierno-advirtio-a-los-conductores-que-se-han-cuadruplicado-los-controles-de-alcoholemia","status":"publish","type":"post","link":"https:\/\/pasaenmendoza.com\/?p=8701","title":{"rendered":"El Gobierno advirti\u00f3 a los conductores que se han cuadruplicado los controles de alcoholemia"},"content":{"rendered":"\n<p>Hern\u00e1n Amat, director general de Relaciones con la Comunidad del Ministerio de&nbsp;<strong>Seguridad<\/strong>, advirti\u00f3 que se han cuatriplicado los&nbsp;<strong>controles de alcoholemia<\/strong>&nbsp;en lo que va del a\u00f1o, con relaci\u00f3n a la misma cantidad de meses que en 2023.<\/p>\n\n\n\n<p>El incremento de los controles de alcoholemia responde a una pol\u00edtica del Gobierno de Mendoza que va ligada a las reformas legislativas para reforzar sanciones. Desde este lunes rigen las modificaciones a la Ley de Tr\u00e1nsito que van en ese sentido y se espera la pronta promulgaci\u00f3n de los cambios al C\u00f3digo Contravencional que contiene faltas &#8220;m\u00e1s duras para los que conduzcan con alcoholemia no permitida&#8221;.<\/p>\n\n\n\n<p><strong>&#8220;Hay una suba en los positivos porque hay m\u00e1s controles&#8221;<\/strong>, expres\u00f3 Amat.\u00a0<strong>&#8220;Tenemos cuatro veces m\u00e1s de controles que a la misma altura del a\u00f1o pasado&#8221;<\/strong>, agreg\u00f3 en conferencia de prensa, tras el resumen del operativo por el fin de semana del D\u00eda del Amigo.\u00a0En mayo, la ministra Mercedes Rus daba cuenta de un crecimiento del 20% en ese sentido.<\/p>\n\n\n\n<p><strong>Una situaci\u00f3n similar se dio respecto de los controles por el cumplimiento de la Revisi\u00f3n T\u00e9cnica Obligatoria (RTO)<\/strong>: &#8220;Se est\u00e1 solicitando y se aplican sanciones. Si comparamos con los n\u00fameros del a\u00f1o pasado, hay una clara pol\u00edtica de poder sancionar a los que no la tienen al d\u00eda&#8221;, dijo.<\/p>\n\n\n\n<h2 class=\"wp-block-heading\">Operativos por los festejos del D\u00eda del Amigo<\/h2>\n\n\n\n<p><strong>Hern\u00e1n Amat confirm\u00f3 que hubo 1.500 controles de alcoholemia<\/strong>&nbsp;durante todo el fin de semana, con 30 puntos fijos repartidos por toda la provincia.<\/p>\n\n\n\n<p>&#8220;M\u00e1s del 95% de los conductores controlados manejaba en forma legal.&nbsp;<strong>68 dieron positivo de alcoholemia; y de esos, el 60% dio por encima del gramo de alcohol<\/strong>&nbsp;en sangre, lo que implica una falta contravencional&#8221;, se\u00f1al\u00f3 el funcionario. Estos \u00faltimos fueron aprehendidos, se les quit\u00f3 la licencia y el veh\u00edculo y recibir\u00e1n la sanci\u00f3n que disponga el juez interviniente.<\/p>\n\n\n\n<p>Adem\u00e1s,&nbsp;<strong>se concret\u00f3 el cierre de nueve fiestas<\/strong>, cinco de ellas clandestinas y otras cuatro por cometer infracciones como no cerrar la taquilla o vender alcohol por fuera del horario permitido.<\/p>\n\n\n\n<p>&#8220;La Subdirecci\u00f3n de Diversi\u00f3n Nocturna trabaj\u00f3 con la Direcci\u00f3n Vial y los municipios en la campa\u00f1a de concientizaci\u00f3n y despu\u00e9s realizaron los controles en las fiestas habilitadas y en las denunciadas&#8221;, cont\u00f3 Amat.<\/p>\n\n\n\n<p><strong>Fuente: www.diariouno.com.ar<\/strong><\/p>\n","protected":false},"excerpt":{"rendered":"<p>Hern\u00e1n Amat, director general de Relaciones con la Comunidad del Ministerio de&nbsp;Seguridad, advirti\u00f3 que se han cuatriplicado los&nbsp;controles de alcoholemia&nbsp;en lo que va del a\u00f1o, con relaci\u00f3n a la misma cantidad de meses que en 2023. El incremento de los controles de alcoholemia responde a una pol\u00edtica del Gobierno de Mendoza que va ligada a [&hellip;]<\/p>\n","protected":false},"author":2,"featured_media":8702,"comment_status":"open","ping_status":"open","sticky":false,"template":"","format":"standard","meta":[],"categories":[48],"tags":[],"_links":{"self":[{"href":"https:\/\/pasaenmendoza.com\/index.php?rest_route=\/wp\/v2\/posts\/8701"}],"collection":[{"href":"https:\/\/pasaenmendoza.com\/index.php?rest_route=\/wp\/v2\/posts"}],"about":[{"href":"https:\/\/pasaenmendoza.com\/index.php?rest_route=\/wp\/v2\/types\/post"}],"author":[{"embeddable":true,"href":"https:\/\/pasaenmendoza.com\/index.php?rest_route=\/wp\/v2\/users\/2"}],"replies":[{"embeddable":true,"href":"https:\/\/pasaenmendoza.com\/index.php?rest_route=%2Fwp%2Fv2%2Fcomments&post=8701"}],"version-history":[{"count":1,"href":"https:\/\/pasaenmendoza.com\/index.php?rest_route=\/wp\/v2\/posts\/8701\/revisions"}],"predecessor-version":[{"id":8703,"href":"https:\/\/pasaenmendoza.com\/index.php?rest_route=\/wp\/v2\/posts\/8701\/revisions\/8703"}],"wp:featuredmedia":[{"embeddable":true,"href":"https:\/\/pasaenmendoza.com\/index.php?rest_route=\/wp\/v2\/media\/8702"}],"wp:attachment":[{"href":"https:\/\/pasaenmendoza.com\/index.php?rest_route=%2Fwp%2Fv2%2Fmedia&parent=8701"}],"wp:term":[{"taxonomy":"category","embeddable":true,"href":"https:\/\/pasaenmendoza.com\/index.php?rest_route=%2Fwp%2Fv2%2Fcategories&post=8701"},{"taxonomy":"post_tag","embeddable":true,"href":"https:\/\/pasaenmendoza.com\/index.php?rest_route=%2Fwp%2Fv2%2Ftags&post=8701"}],"curies":[{"name":"wp","href":"https:\/\/api.w.org\/{rel}","templated":true}]}}