{"id":8704,"date":"2024-07-23T00:08:28","date_gmt":"2024-07-22T22:08:28","guid":{"rendered":"https:\/\/pasaenmendoza.com\/?p=8704"},"modified":"2024-07-23T00:08:29","modified_gmt":"2024-07-22T22:08:29","slug":"funcionarios-judiciales-aceptaron-la-oferta-del-gobierno-y-pusieron-fin-a-un-conflicto-de-meses","status":"publish","type":"post","link":"https:\/\/pasaenmendoza.com\/?p=8704","title":{"rendered":"Funcionarios judiciales aceptaron la oferta del Gobierno y pusieron fin a un conflicto de meses"},"content":{"rendered":"\n<p>La Asociaci\u00f3n de\u00a0<strong>Funcionarios del Poder Judicial de Mendoza<\/strong>\u00a0acept\u00f3 el aumento salarial\u00a0propuesto por el Gobierno de Mendoza en reuni\u00f3n\u00a0<strong>paritaria<\/strong>, poniendo as\u00ed fin a un conflicto de casi cinco meses.<\/p>\n\n\n\n<p>La oferta, que fue trabajada en conjunto con las autoridades del Poder Judicial, incluye -como ocurri\u00f3 con el gremio de los Empleados Judiciales- que los funcionarios que as\u00ed lo deseen puedan&nbsp;<strong>devolver con trabajo los d\u00edas de paro<\/strong>&nbsp;que hayan realizado.<\/p>\n\n\n\n<p>La Suprema Corte de Justicia, el Ministerio P\u00fablico Fiscal y el Ministerio P\u00fablico de la Defensa y Pupilar instrumentar\u00e1n el modo para que quienes cumplan puedan percibir el\u00a0<strong>reintegro de los descuentos<\/strong>\u00a0efectuados por las medidas de fuerza.<\/p>\n\n\n\n<h2 class=\"wp-block-heading\">Aumentos pactados con funcionarios judiciales de abril a septiembre<\/h2>\n\n\n\n<p>Conforme el acta celebrado este lunes en la Subsecretar\u00eda de Trabajo, acordaron un incremento salarial para el&nbsp;<strong>segundo trimestre del a\u00f1o (abril, mayo y junio) del 11%<\/strong>&nbsp;mensual, no acumulativo y calculado sobre la base fija de enero del 2024.<\/p>\n\n\n\n<p>Teniendo en cuenta que en esos meses ya fue otorgado un aumento por decreto, la diferencia ser\u00e1 liquidada por planilla suplementaria el 16 de agosto, junto a la diferencia que surja de la liquidaci\u00f3n de julio.<\/p>\n\n\n\n<p>Adem\u00e1s,\u00a0<strong>se pact\u00f3 una suba del 5% mensual no acumulativo para el tercer trimestre -julio, agosto y septiembre-<\/strong>. La base de c\u00e1lculo para el sueldo de julio ser\u00e1 junio y para los dos meses restantes, ser\u00e1 julio.<\/p>\n\n\n\n<h2 class=\"wp-block-heading\">Nuevo \u00edtem para los funcionarios judiciales<\/h2>\n\n\n\n<p>Se propuso la&nbsp;<strong>creaci\u00f3n de un \u00edtem Fortalecimiento Oficinas Fiscales y Dependencias de Apoyo equivalente al 33,33% de la asignaci\u00f3n de clase del agente<\/strong>. Ese \u00edtem ser\u00e1 exclusivo para quienes presten servicios normalmente en las oficinas fiscales, en el registro de huellas, en el Cuerpo M\u00e9dico Forense, y la Direcci\u00f3n de abordaje, sea presencial o virtual.<\/p>\n\n\n\n<p>Fueron parte de la reuni\u00f3n: por la Asociaci\u00f3n de Funcionarios Judiciales de Mendoza Jorge Lucas, Rub\u00e9n Samperi y Diego Zamarbide; por el Poder Judicial, el Dr. Constantino Pimenides; por el Ministerio P\u00fablico Fiscal, el Licenciado Jorge Frigerio y por el Ministerio Publico de la Defensa, Dr. Juan Morralla. As\u00ed tambi\u00e9n, por el Ministerio de Hacienda y Finanzas la Directora de Pol\u00edtica Salarial y An\u00e1lisis del Recurso Humano Lic. Mariana Lima y por Ministerio de Gobierno, Infraestructura y Desarrollo Territorial Dr, Gustavo Sinzig.<\/p>\n\n\n\n<h2 class=\"wp-block-heading\">AMPROS anunci\u00f3 un paro para el viernes y el s\u00e1bado<\/h2>\n\n\n\n<p>Mientras trascend\u00eda la noticia sobre los funcionarios judiciales, se supo que la\u00a0<strong>Asociaci\u00f3n Mendocina de Profesionales de la Salud (AMPROS)<\/strong>\u00a0rechaz\u00f3 la propuesta del Gobierno y convoc\u00f3 a un\u00a0<strong>paro<\/strong>\u00a0para el viernes y el s\u00e1bado.<\/p>\n\n\n\n<p>\u201cSe ha decidido hacer paro sin asistencia a los lugares de trabajo por 48 horas. Lo \u00fanico que se va a atender son las guardias, que funcionar\u00e1n como fin de semana\u201d, ratific\u00f3&nbsp;<strong>Claudia Iturbe<\/strong>, titular del gremio de la salud. \u201cLamentablemente, esta situaci\u00f3n se va agravar si no hay un di\u00e1logo con el Ejecutivo\u201d.<\/p>\n\n\n\n<p>\u201cLo que se ofrece no contempla el 70% que se perdi\u00f3 con la\u00a0<strong>devaluaci\u00f3n que hubo en diciembre<\/strong>\u00a0y se sigue sin contemplar lo ocurrido en 2020\u201d, argument\u00f3 la referente.<\/p>\n\n\n\n<p><strong>Fuente: www.diariouno.com.ar<\/strong><\/p>\n","protected":false},"excerpt":{"rendered":"<p>La Asociaci\u00f3n de\u00a0Funcionarios del Poder Judicial de Mendoza\u00a0acept\u00f3 el aumento salarial\u00a0propuesto por el Gobierno de Mendoza en reuni\u00f3n\u00a0paritaria, poniendo as\u00ed fin a un conflicto de casi cinco meses. La oferta, que fue trabajada en conjunto con las autoridades del Poder Judicial, incluye -como ocurri\u00f3 con el gremio de los Empleados Judiciales- que los funcionarios que [&hellip;]<\/p>\n","protected":false},"author":2,"featured_media":8705,"comment_status":"open","ping_status":"open","sticky":false,"template":"","format":"standard","meta":[],"categories":[55],"tags":[],"_links":{"self":[{"href":"https:\/\/pasaenmendoza.com\/index.php?rest_route=\/wp\/v2\/posts\/8704"}],"collection":[{"href":"https:\/\/pasaenmendoza.com\/index.php?rest_route=\/wp\/v2\/posts"}],"about":[{"href":"https:\/\/pasaenmendoza.com\/index.php?rest_route=\/wp\/v2\/types\/post"}],"author":[{"embeddable":true,"href":"https:\/\/pasaenmendoza.com\/index.php?rest_route=\/wp\/v2\/users\/2"}],"replies":[{"embeddable":true,"href":"https:\/\/pasaenmendoza.com\/index.php?rest_route=%2Fwp%2Fv2%2Fcomments&post=8704"}],"version-history":[{"count":1,"href":"https:\/\/pasaenmendoza.com\/index.php?rest_route=\/wp\/v2\/posts\/8704\/revisions"}],"predecessor-version":[{"id":8706,"href":"https:\/\/pasaenmendoza.com\/index.php?rest_route=\/wp\/v2\/posts\/8704\/revisions\/8706"}],"wp:featuredmedia":[{"embeddable":true,"href":"https:\/\/pasaenmendoza.com\/index.php?rest_route=\/wp\/v2\/media\/8705"}],"wp:attachment":[{"href":"https:\/\/pasaenmendoza.com\/index.php?rest_route=%2Fwp%2Fv2%2Fmedia&parent=8704"}],"wp:term":[{"taxonomy":"category","embeddable":true,"href":"https:\/\/pasaenmendoza.com\/index.php?rest_route=%2Fwp%2Fv2%2Fcategories&post=8704"},{"taxonomy":"post_tag","embeddable":true,"href":"https:\/\/pasaenmendoza.com\/index.php?rest_route=%2Fwp%2Fv2%2Ftags&post=8704"}],"curies":[{"name":"wp","href":"https:\/\/api.w.org\/{rel}","templated":true}]}}