{"id":8707,"date":"2024-07-23T00:15:24","date_gmt":"2024-07-22T22:15:24","guid":{"rendered":"https:\/\/pasaenmendoza.com\/?p=8707"},"modified":"2024-07-23T00:15:25","modified_gmt":"2024-07-22T22:15:25","slug":"por-primera-vez-la-uncuyo-capacito-a-encargados-de-fincas-con-un-programa-que-califico-de-revolucionario","status":"publish","type":"post","link":"https:\/\/pasaenmendoza.com\/?p=8707","title":{"rendered":"Por primera vez la UNCuyo capacit\u00f3 a encargados de fincas con un programa que calific\u00f3 de revolucionario"},"content":{"rendered":"\n<p>La primera edici\u00f3n de la\u00a0<strong>Escuela de Encargados de Finca\u00a0<\/strong>dej\u00f3 un balance positivo estimaron en la\u00a0<strong>UNCuyo<\/strong>.<\/p>\n\n\n\n<p>Unos 30 participantes provenientes de 17 empresas se capacitaron en la gesti\u00f3n de fincas frut\u00edcolas, hort\u00edcolas y vit\u00edcolas. Este programa innovador de la Facultad de Ciencias Agrarias combina teor\u00eda y pr\u00e1ctica con el objetivo de fortalecer el sector agr\u00edcola y mejorar la empleabilidad.<\/p>\n\n\n\n<p>Para las autoridades universitarias este programa revolucion\u00f3 la capacitaci\u00f3n agr\u00edcola en la regi\u00f3n.<\/p>\n\n\n\n<p>Cont\u00f3 con 30 participantes provenientes de 17 empresas, que completaron 10 jornadas intensivas de formaci\u00f3n en gesti\u00f3n y mantenimiento de fincas frut\u00edcolas, hort\u00edcolas y vit\u00edcolas.<\/p>\n\n\n\n<p>La combinaci\u00f3n de teor\u00eda y pr\u00e1ctica impartida por docentes y egresados de la facultad aport\u00f3 una educaci\u00f3n integral garantizando que los encargados puedan afrontar los desaf\u00edos del campo agr\u00edcola actual.<\/p>\n\n\n\n<p>A trav\u00e9s de su<strong>&nbsp;Escuela de Oficios<\/strong>, la Facultad de Ciencias Agrarias busca abrir a la instituci\u00f3n para responder a un sector de la poblaci\u00f3n que aspira a incorporarse org\u00e1nicamente al mundo del trabajo. A su vez, certifica competencias validando saberes y construcciones de aprendizajes logrados desde la experiencia en sectores laborales, teniendo en cuenta la necesidad de la relaci\u00f3n de la formaci\u00f3n y capacitaci\u00f3n para acceder y mejorar el empleo.<\/p>\n\n\n\n<p>La colaboraci\u00f3n con&nbsp;<strong>Luj\u00e1n Agr\u00edcola<\/strong>&nbsp;y la confirmaci\u00f3n de una 2\u00aa edici\u00f3n son prueba del \u00e9xito y la demanda de este tipo de formaci\u00f3n especializada. A trav\u00e9s de ella no s\u00f3lo se mejoran las habilidades individuales, sino que se fortalece el sector productivo agr\u00edcola de la regi\u00f3n.<\/p>\n\n\n\n<p>Acompa\u00f1aron esta actividad la decana&nbsp;<strong>Mar\u00eda Flavia Filippini<\/strong>, el director de Agricultura,&nbsp;<strong>Alfredo Draque<\/strong>, y el coordinador de la escuela,&nbsp;<strong>Marcos Montoya<\/strong>, entre otros.<\/p>\n\n\n\n<p>Objetivos de la Escuela de Encargados<\/p>\n\n\n\n<ul>\n<li>Contribuir con la formaci\u00f3n de los encargados de fincas de cultivos frut\u00edcolas, hort\u00edcolas y vitivin\u00edcolas.<\/li>\n\n\n\n<li>Valorizar el trabajo de los encargados en la cadena de mando y trabajo en fincas.<\/li>\n\n\n\n<li>Mejorar el di\u00e1logo en la relaci\u00f3n de los encargados con los ingenieros, t\u00e9cnicos y operarios.<\/li>\n\n\n\n<li>Generar una cultura de capacitaci\u00f3n permanente. Para ello se conform\u00f3 un grupo de trabajo integrado por docentes de la FCA y egresados referentes, quienes con una metodolog\u00eda te\u00f3rico-pr\u00e1ctica generan un espacio de formaci\u00f3n de calidad para los encargados de fincas.<\/li>\n<\/ul>\n\n\n\n<p>Destinatarios de la capacitaci\u00f3n: encargados de fincas vit\u00edcolas, frut\u00edcolas y hort\u00edcolas de la provincia o responsables de equipos de trabajo en fincas con o sin estudios completados.<\/p>\n\n\n\n<p><strong>Fuente: www.diariouno.com.ar<\/strong><\/p>\n","protected":false},"excerpt":{"rendered":"<p>La primera edici\u00f3n de la\u00a0Escuela de Encargados de Finca\u00a0dej\u00f3 un balance positivo estimaron en la\u00a0UNCuyo. Unos 30 participantes provenientes de 17 empresas se capacitaron en la gesti\u00f3n de fincas frut\u00edcolas, hort\u00edcolas y vit\u00edcolas. Este programa innovador de la Facultad de Ciencias Agrarias combina teor\u00eda y pr\u00e1ctica con el objetivo de fortalecer el sector agr\u00edcola y [&hellip;]<\/p>\n","protected":false},"author":2,"featured_media":8708,"comment_status":"open","ping_status":"open","sticky":false,"template":"","format":"standard","meta":[],"categories":[56],"tags":[],"_links":{"self":[{"href":"https:\/\/pasaenmendoza.com\/index.php?rest_route=\/wp\/v2\/posts\/8707"}],"collection":[{"href":"https:\/\/pasaenmendoza.com\/index.php?rest_route=\/wp\/v2\/posts"}],"about":[{"href":"https:\/\/pasaenmendoza.com\/index.php?rest_route=\/wp\/v2\/types\/post"}],"author":[{"embeddable":true,"href":"https:\/\/pasaenmendoza.com\/index.php?rest_route=\/wp\/v2\/users\/2"}],"replies":[{"embeddable":true,"href":"https:\/\/pasaenmendoza.com\/index.php?rest_route=%2Fwp%2Fv2%2Fcomments&post=8707"}],"version-history":[{"count":1,"href":"https:\/\/pasaenmendoza.com\/index.php?rest_route=\/wp\/v2\/posts\/8707\/revisions"}],"predecessor-version":[{"id":8709,"href":"https:\/\/pasaenmendoza.com\/index.php?rest_route=\/wp\/v2\/posts\/8707\/revisions\/8709"}],"wp:featuredmedia":[{"embeddable":true,"href":"https:\/\/pasaenmendoza.com\/index.php?rest_route=\/wp\/v2\/media\/8708"}],"wp:attachment":[{"href":"https:\/\/pasaenmendoza.com\/index.php?rest_route=%2Fwp%2Fv2%2Fmedia&parent=8707"}],"wp:term":[{"taxonomy":"category","embeddable":true,"href":"https:\/\/pasaenmendoza.com\/index.php?rest_route=%2Fwp%2Fv2%2Fcategories&post=8707"},{"taxonomy":"post_tag","embeddable":true,"href":"https:\/\/pasaenmendoza.com\/index.php?rest_route=%2Fwp%2Fv2%2Ftags&post=8707"}],"curies":[{"name":"wp","href":"https:\/\/api.w.org\/{rel}","templated":true}]}}