{"id":8722,"date":"2024-07-24T00:47:45","date_gmt":"2024-07-23T22:47:45","guid":{"rendered":"https:\/\/pasaenmendoza.com\/?p=8722"},"modified":"2024-07-24T00:47:47","modified_gmt":"2024-07-23T22:47:47","slug":"en-lujan-aprobaron-la-creacion-de-un-lugar-para-que-las-familias-lleven-las-cenizas-de-sus-muertos","status":"publish","type":"post","link":"https:\/\/pasaenmendoza.com\/?p=8722","title":{"rendered":"En Luj\u00e1n aprobaron la creaci\u00f3n de un lugar para que las familias lleven las cenizas de sus muertos"},"content":{"rendered":"\n<p>El Concejo Deliberante de\u00a0<strong>Luj\u00e1n de Cuyo<\/strong>\u00a0aprob\u00f3 este lunes la creaci\u00f3n en el cementerio municipal del departamento de un servicio de<strong>\u00a0cinerario com\u00fan<\/strong>\u00a0para el dep\u00f3sito de las cenizas de los difuntos del departamento.<\/p>\n\n\n\n<p>La autora del proyecto,\u00a0<strong>Cecilia Soul\u00e9<\/strong>\u00a0-de La Uni\u00f3n Mendocina- explic\u00f3 que en los \u00faltimos a\u00f1os se ha incrementado el n\u00famero de personas que manifiestan expresamente su voluntad de que sean\u00a0<strong>cremadas<\/strong>\u00a0luego de su deceso&#8221;.<\/p>\n\n\n\n<p>A eso sum\u00f3 que &#8220;el crecimiento demogr\u00e1fico que ha experimentado el departamento en los \u00faltimos a\u00f1os obliga a plantear alternativas en la prestaci\u00f3n de servicios b\u00e1sicos en el\u00a0<strong>Cementerio Municipal<\/strong>&#8220;.<\/p>\n\n\n\n<h2 class=\"wp-block-heading\">El cinerario, una alternativa<\/h2>\n\n\n\n<p>\u201cActualmente, muchas familias\u00a0<strong>conservan en sus hogares las cenizas<\/strong>\u00a0de quienes en vida fueron sus seres queridos, que en ciertos casos representa una tradici\u00f3n. Por ello hemos aprobado en sesi\u00f3n la creaci\u00f3n del\u00a0<strong>Servicio Municipal de Cinerario<\/strong>\u00a0en el Cementerio Municipal y su respectivo Registro Cinerario, donde se depositar\u00e1n las cenizas de los difuntos previo registro en la Administraci\u00f3n Municipal\u201d.<\/p>\n\n\n\n<p>La iniciativa tom\u00f3 en cuenta &#8220;que ante distintas realidades familiares, a veces resulta dif\u00edcil afrontar los&nbsp;<strong>costos del cementerio<\/strong>&nbsp;de los familiares fallecidos generando incluso conflictos en el n\u00facleo familiar que derivan en el abandono del pago, obligando a la administraci\u00f3n del cementerio a optar por la sepultura definitiva en&nbsp;<strong>espacios comunes<\/strong>&nbsp;ante la falta de respuesta de la familia&#8221;.<\/p>\n\n\n\n<p>Por ello, agrega el proyecto, &#8220;resulta necesario ofrecer como alternativa&nbsp;<strong>la posibilidad de un lugar de dep\u00f3sito definitivo<\/strong>, en el que los familiares desde el respeto y su voluntad, puedan dar descanso perpetuo a sus seres queridos&#8221;.<\/p>\n\n\n\n<p>Finalmente se esgrime que esta resoluci\u00f3n responde a &#8220;la necesidad de\u00a0<strong>plantear una alternativa a las familias lujaninas<\/strong>\u00a0respecto al descanso final de sus seres queridos en un lugar de respeto y adecuado en el Cementerio Municipal&#8221;.<\/p>\n\n\n\n<p><strong>Fuente: www.diariouno.com.ar<\/strong><\/p>\n","protected":false},"excerpt":{"rendered":"<p>El Concejo Deliberante de\u00a0Luj\u00e1n de Cuyo\u00a0aprob\u00f3 este lunes la creaci\u00f3n en el cementerio municipal del departamento de un servicio de\u00a0cinerario com\u00fan\u00a0para el dep\u00f3sito de las cenizas de los difuntos del departamento. La autora del proyecto,\u00a0Cecilia Soul\u00e9\u00a0-de La Uni\u00f3n Mendocina- explic\u00f3 que en los \u00faltimos a\u00f1os se ha incrementado el n\u00famero de personas que manifiestan expresamente [&hellip;]<\/p>\n","protected":false},"author":2,"featured_media":8723,"comment_status":"open","ping_status":"open","sticky":false,"template":"","format":"standard","meta":[],"categories":[50],"tags":[],"_links":{"self":[{"href":"https:\/\/pasaenmendoza.com\/index.php?rest_route=\/wp\/v2\/posts\/8722"}],"collection":[{"href":"https:\/\/pasaenmendoza.com\/index.php?rest_route=\/wp\/v2\/posts"}],"about":[{"href":"https:\/\/pasaenmendoza.com\/index.php?rest_route=\/wp\/v2\/types\/post"}],"author":[{"embeddable":true,"href":"https:\/\/pasaenmendoza.com\/index.php?rest_route=\/wp\/v2\/users\/2"}],"replies":[{"embeddable":true,"href":"https:\/\/pasaenmendoza.com\/index.php?rest_route=%2Fwp%2Fv2%2Fcomments&post=8722"}],"version-history":[{"count":1,"href":"https:\/\/pasaenmendoza.com\/index.php?rest_route=\/wp\/v2\/posts\/8722\/revisions"}],"predecessor-version":[{"id":8724,"href":"https:\/\/pasaenmendoza.com\/index.php?rest_route=\/wp\/v2\/posts\/8722\/revisions\/8724"}],"wp:featuredmedia":[{"embeddable":true,"href":"https:\/\/pasaenmendoza.com\/index.php?rest_route=\/wp\/v2\/media\/8723"}],"wp:attachment":[{"href":"https:\/\/pasaenmendoza.com\/index.php?rest_route=%2Fwp%2Fv2%2Fmedia&parent=8722"}],"wp:term":[{"taxonomy":"category","embeddable":true,"href":"https:\/\/pasaenmendoza.com\/index.php?rest_route=%2Fwp%2Fv2%2Fcategories&post=8722"},{"taxonomy":"post_tag","embeddable":true,"href":"https:\/\/pasaenmendoza.com\/index.php?rest_route=%2Fwp%2Fv2%2Ftags&post=8722"}],"curies":[{"name":"wp","href":"https:\/\/api.w.org\/{rel}","templated":true}]}}