{"id":8725,"date":"2024-07-25T00:37:30","date_gmt":"2024-07-24T22:37:30","guid":{"rendered":"https:\/\/pasaenmendoza.com\/?p=8725"},"modified":"2024-07-25T00:37:31","modified_gmt":"2024-07-24T22:37:31","slug":"los-medicos-volvieron-a-aumentar-el-valor-de-la-consulta-y-ya-crecio-100-en-lo-que-va-del-ano","status":"publish","type":"post","link":"https:\/\/pasaenmendoza.com\/?p=8725","title":{"rendered":"Los m\u00e9dicos volvieron a aumentar el valor de la consulta y ya creci\u00f3 100% en lo que va del a\u00f1o"},"content":{"rendered":"\n<p>La<strong>\u00a0consulta de los m\u00e9dicos<\/strong>\u00a0sufrir\u00e1 un aumento del 5%\u00a0y pasar\u00e1 a costar $20.000 a partir de agosto. As\u00ed lo acordaron este mi\u00e9rcoles las autoridades del C\u00edrculo M\u00e9dico de Mendoza (CMM) y la Federaci\u00f3n M\u00e9dica de Mendoza (FMM), teniendo en cuenta el \u00faltimo \u00edndice de inflaci\u00f3n.<\/p>\n\n\n\n<p>La entidad viene apostando por esta modalidad de subas desde septiembre del a\u00f1o pasado (cuando costaba $6.000), y con este ajuste, en lo que va del a\u00f1o -es decir, de enero a agosto- ya acumula un\u00a0<strong>aumento del 100% en el valor de la consulta<\/strong>.<\/p>\n\n\n\n<p>Seg\u00fan argumentaron los m\u00e9dicos, &#8220;el ajuste est\u00e1 basado en el \u00cdndice de Precios al Consumidor (IPC) oficial&#8221;.<\/p>\n\n\n\n<p>El valor de este honorario \u00e9tico, como le llaman los profesionales,&nbsp;<strong>puede ser abonado por el paciente en forma particular o absorbido de manera total o parcial por las obras sociales&nbsp;<\/strong>o las empresas de medicina prepaga, seg\u00fan el convenio que est\u00e9 vigente.<\/p>\n\n\n\n<h2 class=\"wp-block-heading\">Aumento del valor de la consulta psiqui\u00e1trica<\/h2>\n\n\n\n<p>Las entidades que representan a los m\u00e9dicos tambi\u00e9n ajustaron el valor de la consulta psiqui\u00e1trica, que pasar\u00e1 de $26.000 a $27.500, a partir de agosto de 2024.<\/p>\n\n\n\n<p>En este caso, la suba es de poco m\u00e1s del 5,5% respecto del mes en curso.<\/p>\n\n\n\n<p>Las entidades m\u00e9dicas que firmaron el comunicado sostuvieron, como vienen haciendo mensualmente, que la &#8220;actualizaci\u00f3n es necesaria para asegurar la calidad de la atenci\u00f3n m\u00e9dica y garantizar la dignidad del trabajo profesional&#8221;.<\/p>\n\n\n\n<p><strong>Fuente: www.diariouno.com.ar<\/strong><\/p>\n","protected":false},"excerpt":{"rendered":"<p>La\u00a0consulta de los m\u00e9dicos\u00a0sufrir\u00e1 un aumento del 5%\u00a0y pasar\u00e1 a costar $20.000 a partir de agosto. As\u00ed lo acordaron este mi\u00e9rcoles las autoridades del C\u00edrculo M\u00e9dico de Mendoza (CMM) y la Federaci\u00f3n M\u00e9dica de Mendoza (FMM), teniendo en cuenta el \u00faltimo \u00edndice de inflaci\u00f3n. La entidad viene apostando por esta modalidad de subas desde septiembre [&hellip;]<\/p>\n","protected":false},"author":2,"featured_media":8726,"comment_status":"open","ping_status":"open","sticky":false,"template":"","format":"standard","meta":[],"categories":[58],"tags":[],"_links":{"self":[{"href":"https:\/\/pasaenmendoza.com\/index.php?rest_route=\/wp\/v2\/posts\/8725"}],"collection":[{"href":"https:\/\/pasaenmendoza.com\/index.php?rest_route=\/wp\/v2\/posts"}],"about":[{"href":"https:\/\/pasaenmendoza.com\/index.php?rest_route=\/wp\/v2\/types\/post"}],"author":[{"embeddable":true,"href":"https:\/\/pasaenmendoza.com\/index.php?rest_route=\/wp\/v2\/users\/2"}],"replies":[{"embeddable":true,"href":"https:\/\/pasaenmendoza.com\/index.php?rest_route=%2Fwp%2Fv2%2Fcomments&post=8725"}],"version-history":[{"count":1,"href":"https:\/\/pasaenmendoza.com\/index.php?rest_route=\/wp\/v2\/posts\/8725\/revisions"}],"predecessor-version":[{"id":8727,"href":"https:\/\/pasaenmendoza.com\/index.php?rest_route=\/wp\/v2\/posts\/8725\/revisions\/8727"}],"wp:featuredmedia":[{"embeddable":true,"href":"https:\/\/pasaenmendoza.com\/index.php?rest_route=\/wp\/v2\/media\/8726"}],"wp:attachment":[{"href":"https:\/\/pasaenmendoza.com\/index.php?rest_route=%2Fwp%2Fv2%2Fmedia&parent=8725"}],"wp:term":[{"taxonomy":"category","embeddable":true,"href":"https:\/\/pasaenmendoza.com\/index.php?rest_route=%2Fwp%2Fv2%2Fcategories&post=8725"},{"taxonomy":"post_tag","embeddable":true,"href":"https:\/\/pasaenmendoza.com\/index.php?rest_route=%2Fwp%2Fv2%2Ftags&post=8725"}],"curies":[{"name":"wp","href":"https:\/\/api.w.org\/{rel}","templated":true}]}}