{"id":8728,"date":"2024-07-25T00:40:14","date_gmt":"2024-07-24T22:40:14","guid":{"rendered":"https:\/\/pasaenmendoza.com\/?p=8728"},"modified":"2024-07-25T00:40:15","modified_gmt":"2024-07-24T22:40:15","slug":"por-el-zonda-suspendieron-las-clases-en-malargue-para-los-turnos-vespertino-y-nocturno","status":"publish","type":"post","link":"https:\/\/pasaenmendoza.com\/?p=8728","title":{"rendered":"Por el Zonda, suspendieron las clases en Malarg\u00fce para los turnos vespertino y nocturno"},"content":{"rendered":"\n<p>Por los registros meteorol\u00f3gicos que indican fuertes r\u00e1fagas de\u00a0<strong>viento Zonda<\/strong>\u00a0y siguiendo las recomendaciones de Defensa Civil, la Direcci\u00f3n General de Escuelas (DGE) tom\u00f3 la medida de\u00a0<strong>suspender las clases presenciales<\/strong>\u00a0este mi\u00e9rcoles para los turnos vespertino y nocturno en<strong>\u00a0Malarg\u00fce<\/strong>.<\/p>\n\n\n\n<p>La actividad escolar en ese departamento sure\u00f1o deber\u00e1 desarrollarse de&nbsp;<strong>manera virtual<\/strong>&nbsp;a trav\u00e9s de la plataforma educativa Escuela Digital Mendoza.<\/p>\n\n\n\n<p>En el resto de la provincia, el servicio educativo se brinda con total normalidad, informaron desde el gobierno escolar.<\/p>\n\n\n\n<p>La Direcci\u00f3n de Contingencias Clim\u00e1ticas anticip\u00f3 el ingreso de un\u00a0<strong>frente fr\u00edo\u00a0<\/strong>para la tarde de este\u00a0<strong>jueves 25,<\/strong>\u00a0D\u00eda del Santo Patrono Santiago. Este feriado provincial podr\u00eda estar atravesado tambi\u00e9n por un\u00a0<strong>viento Zonda<\/strong>\u00a0en altura.<\/p>\n\n\n\n<p><strong>Fuente: www.diariouno.com.ar<\/strong><\/p>\n","protected":false},"excerpt":{"rendered":"<p>Por los registros meteorol\u00f3gicos que indican fuertes r\u00e1fagas de\u00a0viento Zonda\u00a0y siguiendo las recomendaciones de Defensa Civil, la Direcci\u00f3n General de Escuelas (DGE) tom\u00f3 la medida de\u00a0suspender las clases presenciales\u00a0este mi\u00e9rcoles para los turnos vespertino y nocturno en\u00a0Malarg\u00fce. La actividad escolar en ese departamento sure\u00f1o deber\u00e1 desarrollarse de&nbsp;manera virtual&nbsp;a trav\u00e9s de la plataforma educativa Escuela Digital [&hellip;]<\/p>\n","protected":false},"author":2,"featured_media":8729,"comment_status":"open","ping_status":"open","sticky":false,"template":"","format":"standard","meta":[],"categories":[52],"tags":[],"_links":{"self":[{"href":"https:\/\/pasaenmendoza.com\/index.php?rest_route=\/wp\/v2\/posts\/8728"}],"collection":[{"href":"https:\/\/pasaenmendoza.com\/index.php?rest_route=\/wp\/v2\/posts"}],"about":[{"href":"https:\/\/pasaenmendoza.com\/index.php?rest_route=\/wp\/v2\/types\/post"}],"author":[{"embeddable":true,"href":"https:\/\/pasaenmendoza.com\/index.php?rest_route=\/wp\/v2\/users\/2"}],"replies":[{"embeddable":true,"href":"https:\/\/pasaenmendoza.com\/index.php?rest_route=%2Fwp%2Fv2%2Fcomments&post=8728"}],"version-history":[{"count":1,"href":"https:\/\/pasaenmendoza.com\/index.php?rest_route=\/wp\/v2\/posts\/8728\/revisions"}],"predecessor-version":[{"id":8730,"href":"https:\/\/pasaenmendoza.com\/index.php?rest_route=\/wp\/v2\/posts\/8728\/revisions\/8730"}],"wp:featuredmedia":[{"embeddable":true,"href":"https:\/\/pasaenmendoza.com\/index.php?rest_route=\/wp\/v2\/media\/8729"}],"wp:attachment":[{"href":"https:\/\/pasaenmendoza.com\/index.php?rest_route=%2Fwp%2Fv2%2Fmedia&parent=8728"}],"wp:term":[{"taxonomy":"category","embeddable":true,"href":"https:\/\/pasaenmendoza.com\/index.php?rest_route=%2Fwp%2Fv2%2Fcategories&post=8728"},{"taxonomy":"post_tag","embeddable":true,"href":"https:\/\/pasaenmendoza.com\/index.php?rest_route=%2Fwp%2Fv2%2Ftags&post=8728"}],"curies":[{"name":"wp","href":"https:\/\/api.w.org\/{rel}","templated":true}]}}