{"id":8731,"date":"2024-07-25T00:44:17","date_gmt":"2024-07-24T22:44:17","guid":{"rendered":"https:\/\/pasaenmendoza.com\/?p=8731"},"modified":"2024-07-25T00:44:18","modified_gmt":"2024-07-24T22:44:18","slug":"asaltaron-y-balearon-a-un-delivery-de-pedidos-ya-y-terminaron-detenidos","status":"publish","type":"post","link":"https:\/\/pasaenmendoza.com\/?p=8731","title":{"rendered":"Asaltaron y balearon a un delivery de Pedidos Ya y terminaron detenidos"},"content":{"rendered":"\n<p>Efectivos de Investigaciones detuvieron a los dos sospechosos de balear a un delivery de Pedidos Ya durante un asalto ocurrido durante la madrugada del jueves 18 en la Ciudad de San Rafael. De acuerdo con fuentes policiales,&nbsp;<strong>uno de los apresados fue marcado como el autor del disparo&nbsp;<\/strong>que dej\u00f3 hospitalizada a la v\u00edctima, de 24 a\u00f1os.<\/p>\n\n\n\n<p>Este mi\u00e9rcoles por la ma\u00f1ana, luego de incorporaci\u00f3n y an\u00e1lisis de pruebas en la Justicia y trabajos de calle del personal policial,&nbsp;<strong>se desarrollaron allanamientos en dos domicilios<\/strong>, los que finalizaron resultados positivos.<\/p>\n\n\n\n<p>En la primera de las medidas,&nbsp;<strong>en una propiedad del callej\u00f3n Guajardo<\/strong>, capturaron a uno de los sujetos.&nbsp;<mark>Tambi\u00e9n secuestraron tres tel\u00e9fonos celulares, una campera y otros elementos de importancia para la instrucci\u00f3n.<\/mark>&nbsp;Luego de conocer el resultado de ese procedimiento, las autoridades judiciales solicitaron otro allanamiento.<\/p>\n\n\n\n<p>El mismo se despleg\u00f3&nbsp;<mark>en una empresa gastron\u00f3mica situada sobre calle Emilio Civit<\/mark>&nbsp;y permiti\u00f3 la captura del segundo sospechoso. Las fuentes explicaron que era familiar del primer detenido y que contaba con antecedentes penales.<\/p>\n\n\n\n<p><strong>En ese inmueble secuestraron una bicicleta tipo playera<\/strong>, la que habr\u00eda sido utilizada por los sujetos para movilizarse durante los momentos previos y posteriores al hecho de inseguridad.<\/p>\n\n\n\n<h2 class=\"wp-block-heading\" id=\"h-como-se-produjo-el-ataque-al-delivery\">C\u00f3mo se produjo el ataque al delivery<\/h2>\n\n\n\n<p>El caso ocurri\u00f3 a las 2 del jueves 18 en la intersecci\u00f3n de calles&nbsp;<strong>Patricias Mendocinas y Jauretche<\/strong>&nbsp;del citado departamento sure\u00f1o, cuando la v\u00edctima circulaba en una moto Motomel y fren\u00f3 cuando un sujeto le hizo se\u00f1as sobre una calle.&nbsp;<mark>El trabajador crey\u00f3 que se trataba de la persona que hab\u00eda encargado un pedido y se acerc\u00f3.<\/mark><\/p>\n\n\n\n<p>Sin embargo, se trataba de un asalto: luego de algunas amenazas, el repartidor aceler\u00f3 y el malviviente, que contaba el apoyo con un c\u00f3mplice,&nbsp;<strong>apret\u00f3 el gatillo del arma de fuego que portaba<\/strong>. Luego se dieron a la fuga en una bicicleta.<\/p>\n\n\n\n<p><mark>La v\u00edctima recibi\u00f3 un impacto en la zona abdominal y continu\u00f3 su recorrido hasta su lugar de trabajo<\/mark>, ubicado sobre calle Entre R\u00edos, donde fue auxiliada por sus compa\u00f1eros.<\/p>\n\n\n\n<p>Llamaron al 911 y una ambulancia hasta el Hospital Schestakow, donde atendido al joven en la guardia y qued\u00f3 internado luego de ser intervenido quir\u00fargicamente.<\/p>\n\n\n\n<p><strong>Fuente: www.elsol.com.ar<\/strong><\/p>\n","protected":false},"excerpt":{"rendered":"<p>Efectivos de Investigaciones detuvieron a los dos sospechosos de balear a un delivery de Pedidos Ya durante un asalto ocurrido durante la madrugada del jueves 18 en la Ciudad de San Rafael. De acuerdo con fuentes policiales,&nbsp;uno de los apresados fue marcado como el autor del disparo&nbsp;que dej\u00f3 hospitalizada a la v\u00edctima, de 24 a\u00f1os. [&hellip;]<\/p>\n","protected":false},"author":2,"featured_media":8732,"comment_status":"open","ping_status":"open","sticky":false,"template":"","format":"standard","meta":[],"categories":[48],"tags":[],"_links":{"self":[{"href":"https:\/\/pasaenmendoza.com\/index.php?rest_route=\/wp\/v2\/posts\/8731"}],"collection":[{"href":"https:\/\/pasaenmendoza.com\/index.php?rest_route=\/wp\/v2\/posts"}],"about":[{"href":"https:\/\/pasaenmendoza.com\/index.php?rest_route=\/wp\/v2\/types\/post"}],"author":[{"embeddable":true,"href":"https:\/\/pasaenmendoza.com\/index.php?rest_route=\/wp\/v2\/users\/2"}],"replies":[{"embeddable":true,"href":"https:\/\/pasaenmendoza.com\/index.php?rest_route=%2Fwp%2Fv2%2Fcomments&post=8731"}],"version-history":[{"count":1,"href":"https:\/\/pasaenmendoza.com\/index.php?rest_route=\/wp\/v2\/posts\/8731\/revisions"}],"predecessor-version":[{"id":8733,"href":"https:\/\/pasaenmendoza.com\/index.php?rest_route=\/wp\/v2\/posts\/8731\/revisions\/8733"}],"wp:featuredmedia":[{"embeddable":true,"href":"https:\/\/pasaenmendoza.com\/index.php?rest_route=\/wp\/v2\/media\/8732"}],"wp:attachment":[{"href":"https:\/\/pasaenmendoza.com\/index.php?rest_route=%2Fwp%2Fv2%2Fmedia&parent=8731"}],"wp:term":[{"taxonomy":"category","embeddable":true,"href":"https:\/\/pasaenmendoza.com\/index.php?rest_route=%2Fwp%2Fv2%2Fcategories&post=8731"},{"taxonomy":"post_tag","embeddable":true,"href":"https:\/\/pasaenmendoza.com\/index.php?rest_route=%2Fwp%2Fv2%2Ftags&post=8731"}],"curies":[{"name":"wp","href":"https:\/\/api.w.org\/{rel}","templated":true}]}}