{"id":8734,"date":"2024-07-25T00:48:50","date_gmt":"2024-07-24T22:48:50","guid":{"rendered":"https:\/\/pasaenmendoza.com\/?p=8734"},"modified":"2024-07-25T00:48:51","modified_gmt":"2024-07-24T22:48:51","slug":"masiva-protesta-de-productores-de-mendoza-por-el-cierre-del-sistema-antigranizo","status":"publish","type":"post","link":"https:\/\/pasaenmendoza.com\/?p=8734","title":{"rendered":"Masiva protesta de productores de Mendoza por el cierre del sistema antigranizo"},"content":{"rendered":"\n<p>Durante la ma\u00f1ana del martes,&nbsp;<strong>productores<\/strong>&nbsp;de&nbsp;<strong>Mendoza<\/strong>&nbsp;se unieron en un caravanazo para manifestar su descontento con las pol\u00edticas implementadas por el Gobierno provincial. La movilizaci\u00f3n, organizada por &#8220;Productores Unidos y Autoconvocados&#8221; y apoyada por entidades de varias regiones de la provincia, culmin\u00f3 en la explanada de Casa de Gobierno, donde fueron recibidos por el subsecretario de Agricultura, Sergio Moralejo.<\/p>\n\n\n\n<p>Los productores partieron de diferentes puntos de la provincia, incluyendo el este, sur, Valle de Uco y norte, particularmente Lavalle. Desde el este, el grupo inici\u00f3 su recorrido a las 8 de la ma\u00f1ana desde la ruta nacional 7 (acceso Este) y carril costa canal Montecaseros, y arribaron a la Capital provincial alrededor de las 11. Desde el Este participaron m\u00e1s de 100 veh\u00edculos en la caravana, manteniendo una velocidad que no interfiriera con el tr\u00e1nsito. La manifestaci\u00f3n tambi\u00e9n fue masiva en el sur de la provincia y\u00a0San Rafael fue el ejemplo de ello.<\/p>\n\n\n\n<h4 class=\"wp-block-heading\">Cr\u00edticas a la eliminaci\u00f3n de la Lucha Antigranizo<\/h4>\n\n\n\n<p>Los productores exigen la continuidad de la lucha<strong>\u00a0antigranizo<\/strong>\u00a0con aviones, una medida que el Gobernador Alfredo Cornejo y el ministro de Producci\u00f3n, Rodolfo Vargas Arizu, han decidido eliminar argumentando la falta de evidencia cient\u00edfica sobre su efectividad. Los manifestantes sostienen que esta medida es crucial para proteger las cosechas y garantizar la producci\u00f3n agr\u00edcola en la provincia.<\/p>\n\n\n\n<h4 class=\"wp-block-heading\">Rechazo a la reforma del C\u00f3digo de Aguas<\/h4>\n\n\n\n<p>Otra de las demandas de los manifestantes es el rechazo al proyecto de reforma del C\u00f3digo de Aguas, que se prev\u00e9 llegue a la Legislatura en septiembre. Seg\u00fan los productores, el art\u00edculo 69 del anteproyecto compromete gravemente el acceso al agua para la agricultura, ya que permitir\u00eda al Ejecutivo provincial alterar las prioridades de uso del agua en beneficio de proyectos con mayor impacto econ\u00f3mico-social.<\/p>\n\n\n\n<h4 class=\"wp-block-heading\">Otras demandas<\/h4>\n\n\n\n<p>Entre otras demandas, los productores solicitan la reapertura o sustituci\u00f3n del Instituto de Desarrollo Rural (IDR) y el Instituto de Desarrollo Comercial (IDC) para fomentar el desarrollo rural y comercial de\u00a0<strong>Mendoza<\/strong>. Tambi\u00e9n piden mejoras en la ley de contratos para asegurar transparencia y equidad en la comercializaci\u00f3n de productos agr\u00edcolas. Asimismo, buscan la ampliaci\u00f3n de la &#8220;ley Mansur&#8221; para establecer un precio de referencia oficial de la uva cada a\u00f1o.<\/p>\n\n\n\n<p><strong>Fuente: www.diariomendoza.com.ar<\/strong><\/p>\n","protected":false},"excerpt":{"rendered":"<p>Durante la ma\u00f1ana del martes,&nbsp;productores&nbsp;de&nbsp;Mendoza&nbsp;se unieron en un caravanazo para manifestar su descontento con las pol\u00edticas implementadas por el Gobierno provincial. La movilizaci\u00f3n, organizada por &#8220;Productores Unidos y Autoconvocados&#8221; y apoyada por entidades de varias regiones de la provincia, culmin\u00f3 en la explanada de Casa de Gobierno, donde fueron recibidos por el subsecretario de Agricultura, [&hellip;]<\/p>\n","protected":false},"author":2,"featured_media":8735,"comment_status":"open","ping_status":"open","sticky":false,"template":"","format":"standard","meta":[],"categories":[87],"tags":[],"_links":{"self":[{"href":"https:\/\/pasaenmendoza.com\/index.php?rest_route=\/wp\/v2\/posts\/8734"}],"collection":[{"href":"https:\/\/pasaenmendoza.com\/index.php?rest_route=\/wp\/v2\/posts"}],"about":[{"href":"https:\/\/pasaenmendoza.com\/index.php?rest_route=\/wp\/v2\/types\/post"}],"author":[{"embeddable":true,"href":"https:\/\/pasaenmendoza.com\/index.php?rest_route=\/wp\/v2\/users\/2"}],"replies":[{"embeddable":true,"href":"https:\/\/pasaenmendoza.com\/index.php?rest_route=%2Fwp%2Fv2%2Fcomments&post=8734"}],"version-history":[{"count":1,"href":"https:\/\/pasaenmendoza.com\/index.php?rest_route=\/wp\/v2\/posts\/8734\/revisions"}],"predecessor-version":[{"id":8736,"href":"https:\/\/pasaenmendoza.com\/index.php?rest_route=\/wp\/v2\/posts\/8734\/revisions\/8736"}],"wp:featuredmedia":[{"embeddable":true,"href":"https:\/\/pasaenmendoza.com\/index.php?rest_route=\/wp\/v2\/media\/8735"}],"wp:attachment":[{"href":"https:\/\/pasaenmendoza.com\/index.php?rest_route=%2Fwp%2Fv2%2Fmedia&parent=8734"}],"wp:term":[{"taxonomy":"category","embeddable":true,"href":"https:\/\/pasaenmendoza.com\/index.php?rest_route=%2Fwp%2Fv2%2Fcategories&post=8734"},{"taxonomy":"post_tag","embeddable":true,"href":"https:\/\/pasaenmendoza.com\/index.php?rest_route=%2Fwp%2Fv2%2Ftags&post=8734"}],"curies":[{"name":"wp","href":"https:\/\/api.w.org\/{rel}","templated":true}]}}