{"id":8737,"date":"2024-07-27T00:29:56","date_gmt":"2024-07-26T22:29:56","guid":{"rendered":"https:\/\/pasaenmendoza.com\/?p=8737"},"modified":"2024-07-27T00:29:57","modified_gmt":"2024-07-26T22:29:57","slug":"cayo-una-banda-dedicada-al-robo-de-motos-en-san-rafael-tras-un-megaoperativo-de-la-policia","status":"publish","type":"post","link":"https:\/\/pasaenmendoza.com\/?p=8737","title":{"rendered":"Cay\u00f3 una banda dedicada al robo de motos en San Rafael tras un megaoperativo de la Polic\u00eda"},"content":{"rendered":"\n<p>El Ministerio de Seguridad y Justicia realiz\u00f3 un\u00a0<strong>megaoperativo<\/strong>\u00a0este viernes en\u00a0<strong>San Rafael<\/strong>\u00a0que culmin\u00f3 con 15 allanamientos simult\u00e1neos y el\u00a0<strong>desbaratamiento de una banda dedicada al\u00a0robo de motos<\/strong>\u00a0y la reducci\u00f3n de sus autopartes que luego eran incluidas en el mercado ilegal.<\/p>\n\n\n\n<p>&#8220;Las acciones marcan un precedente, al realizar la mayor cantidad de allanamientos en el menor plazo registrado hasta la fecha&#8221;, remarcaron.<\/p>\n\n\n\n<p><strong>Se trata del d\u00e9cimo cuarto operativo realizado en la provincia<\/strong>\u00a0en lo que va del a\u00f1o en la lucha contra el delito. Adem\u00e1s, las medidas forman parte de una estrategia integral que establece una relaci\u00f3n con la Justicia con el fin de combatir el delito, que se suma al trabajo coordinado con autoridades del Ministerio P\u00fablico Fiscal.<\/p>\n\n\n\n<h2 class=\"wp-block-heading\">Mercedes Rus resalt\u00f3 el trabajo coordinado<\/h2>\n\n\n\n<p>La<strong>&nbsp;ministra de Seguridad y Justicia, Mercedes Rus,<\/strong>&nbsp;quien viaj\u00f3 a San Rafael para supervisar los recientes operativos, brind\u00f3 detalle sobre las acciones realizadas.<\/p>\n\n\n\n<p>Explic\u00f3 que las medidas se dan en el marco de una serie de operativos que comenzaron en marzo con el realizado en el&nbsp;<strong>Campo Papa<\/strong>. &#8220;Estos operativos han seguido realiz\u00e1ndose en buena coordinaci\u00f3n con el Ministerio P\u00fablico Fiscal y todos los fiscales que han traccionado las causas. Son operativos muy importantes que hemos logrado gracias a los esfuerzos conjuntos en toda la provincia\u201d.<\/p>\n\n\n\n<p>Adem\u00e1s, la funcionaria destac\u00f3 que se han extendido al&nbsp;<strong>barrio Cinco mil Lotes y zona de El Algarrobal&nbsp;<\/strong>y han incluido operativos en el&nbsp;<strong>Valle de Uco<\/strong>. &#8220;En Santa Rosa, se realiz\u00f3 un operativo trascendental enfocado en bandas dedicadas a la venta de distintos bienes en mercados ilegales\u201d, sum\u00f3.<\/p>\n\n\n\n<p>La ministra estuvo acompa\u00f1ada por el director general de Polic\u00edas, Marcelo Calipo; el director general de Investigaciones, Jos\u00e9 Vega; el jefe de la Distrital II, comisario Juan Marurano y el jefe de la departamental de San Rafael, comisario V\u00edctor Ballejos. En los allanamientos participaron 80 efectivos policiales, incluyendo personal de Investigaciones, Narcotr\u00e1fico, el grupo VANT, y cuerpos especiales.<\/p>\n\n\n\n<h2 class=\"wp-block-heading\">El operativo en San Rafael<\/h2>\n\n\n\n<p>&#8220;En este caso, puntualmente en<strong>&nbsp;San Rafael,<\/strong>&nbsp;los operativos se centraron en una banda dedicada al robo de motos. Esto es sumamente importante porque el robo de motocicletas hab\u00eda estado azotando a San Rafael y otras zonas. La banda en cuesti\u00f3n se especializaba en la sustracci\u00f3n de motos, operando con roles divididos entre sus miembros, que&nbsp;<strong>tambi\u00e9n se encargaban de desguazarlas y vender las autopartes en mercados ilegales<\/strong>. Este esquema delictivo fue facilitado por la connivencia de algunos talleres y artesanos, quienes participaban en la comercializaci\u00f3n de estas autopartes robadas\u201d, detall\u00f3 la ministra.<\/p>\n\n\n\n<p>Adem\u00e1s, Rus explic\u00f3 que &#8220;<strong>las cuatro personas que se buscaban fueron detenidas<\/strong>, y se secuestraron una gran cantidad de motopartes. Tambi\u00e9n una persona m\u00e1s fue aprehendida con un arma\u201d.<\/p>\n\n\n\n<p>Como resultado de los allanamientos se<strong>&nbsp;incautaron 4 motos, 7 celulares, 1 notebook, 2 televisores, un arma de fuego y m\u00e1s de 500 piezas de motos.<\/strong><\/p>\n\n\n\n<p>&#8220;El resultado es exitoso y env\u00eda un buen mensaje a la comunidad de que estamos trabajando en los mercados ilegales y combatiendo otros delitos\u201d, concluy\u00f3 la ministra.<\/p>\n\n\n\n<p>El&nbsp;<strong>jefe de fiscales de San Rafael, Pablo Pe\u00f1asco<\/strong>, asegur\u00f3 que &#8220;los&nbsp;<strong>15 allanamientos<\/strong>&nbsp;que se han dispuesto no son hechos aislados. Tambi\u00e9n venimos trabajando dentro del Ministerio P\u00fablico Fiscal en otras causas, y en algunas de ellas hemos encontrado vinculaci\u00f3n con hechos denunciados en otras jurisdicciones\u201d.<\/p>\n\n\n\n<p>Pe\u00f1asco explic\u00f3 que &#8220;no solamente se trata, en principio, de sustracci\u00f3n de motos, sino que en algunos casos\u00a0<strong>se estaban desarmando motos que hab\u00edan sido denunciadas en otras jurisdicciones<\/strong>. Hoy tenemos cinco personas detenidas\u201d.<\/p>\n\n\n\n<p><strong>Fuente: www.diariouno.com.ar<\/strong><\/p>\n","protected":false},"excerpt":{"rendered":"<p>El Ministerio de Seguridad y Justicia realiz\u00f3 un\u00a0megaoperativo\u00a0este viernes en\u00a0San Rafael\u00a0que culmin\u00f3 con 15 allanamientos simult\u00e1neos y el\u00a0desbaratamiento de una banda dedicada al\u00a0robo de motos\u00a0y la reducci\u00f3n de sus autopartes que luego eran incluidas en el mercado ilegal. &#8220;Las acciones marcan un precedente, al realizar la mayor cantidad de allanamientos en el menor plazo registrado [&hellip;]<\/p>\n","protected":false},"author":2,"featured_media":8738,"comment_status":"open","ping_status":"open","sticky":false,"template":"","format":"standard","meta":[],"categories":[48],"tags":[],"_links":{"self":[{"href":"https:\/\/pasaenmendoza.com\/index.php?rest_route=\/wp\/v2\/posts\/8737"}],"collection":[{"href":"https:\/\/pasaenmendoza.com\/index.php?rest_route=\/wp\/v2\/posts"}],"about":[{"href":"https:\/\/pasaenmendoza.com\/index.php?rest_route=\/wp\/v2\/types\/post"}],"author":[{"embeddable":true,"href":"https:\/\/pasaenmendoza.com\/index.php?rest_route=\/wp\/v2\/users\/2"}],"replies":[{"embeddable":true,"href":"https:\/\/pasaenmendoza.com\/index.php?rest_route=%2Fwp%2Fv2%2Fcomments&post=8737"}],"version-history":[{"count":1,"href":"https:\/\/pasaenmendoza.com\/index.php?rest_route=\/wp\/v2\/posts\/8737\/revisions"}],"predecessor-version":[{"id":8739,"href":"https:\/\/pasaenmendoza.com\/index.php?rest_route=\/wp\/v2\/posts\/8737\/revisions\/8739"}],"wp:featuredmedia":[{"embeddable":true,"href":"https:\/\/pasaenmendoza.com\/index.php?rest_route=\/wp\/v2\/media\/8738"}],"wp:attachment":[{"href":"https:\/\/pasaenmendoza.com\/index.php?rest_route=%2Fwp%2Fv2%2Fmedia&parent=8737"}],"wp:term":[{"taxonomy":"category","embeddable":true,"href":"https:\/\/pasaenmendoza.com\/index.php?rest_route=%2Fwp%2Fv2%2Fcategories&post=8737"},{"taxonomy":"post_tag","embeddable":true,"href":"https:\/\/pasaenmendoza.com\/index.php?rest_route=%2Fwp%2Fv2%2Ftags&post=8737"}],"curies":[{"name":"wp","href":"https:\/\/api.w.org\/{rel}","templated":true}]}}