{"id":8744,"date":"2024-07-27T00:49:19","date_gmt":"2024-07-26T22:49:19","guid":{"rendered":"https:\/\/pasaenmendoza.com\/?p=8744"},"modified":"2024-07-27T00:49:21","modified_gmt":"2024-07-26T22:49:21","slug":"las-vacaciones-de-invierno-generaron-ingresos-por-135-millones-de-dolares-en-mendoza","status":"publish","type":"post","link":"https:\/\/pasaenmendoza.com\/?p=8744","title":{"rendered":"Las vacaciones de invierno generaron ingresos por 135 millones de d\u00f3lares en Mendoza"},"content":{"rendered":"\n<p>Durante las vacaciones de invierno que se vivieron entre el 8 y el 26 de julio, miles de visitantes llegaron a Mendoza para disfrutar de sus paisajes, la&nbsp;<strong>enogastronom\u00eda<\/strong>, una importante agenda cultural y la nieve que lleg\u00f3 justo a tiempo.<\/p>\n\n\n\n<p>La provincia registr\u00f3 un promedio de ocupaci\u00f3n que oscil\u00f3 entre el 70 y el 88 por ciento, dependiendo de la etapa analizada; siendo la segunda semana de vacaciones la de mayor afluencia tur\u00edstica. Entre el 15 y el 21 de julio, la concurrencia lleg\u00f3 a su punto m\u00e1ximo, superando el 90 por ciento en destinos como&nbsp;<strong>San Rafael&nbsp;<\/strong>y alcanzando ocupaci\u00f3n plena en<strong>&nbsp;Las Le\u00f1as<\/strong>.<\/p>\n\n\n\n<p>Seg\u00fan datos del\u00a0<strong>Observatorio del Ente Mendoza Turismo<\/strong>\u00a0(<strong>Emetur<\/strong>), durante el receso invernal arribaron a la provincia m\u00e1s de 325.000 turistas, lo que signific\u00f3 un ingreso estimado de casi 135.000.000 de d\u00f3lares, con un gasto diario promedio de 63.609 pesos por turista y una estad\u00eda promedio de 5 d\u00edas y 4 noches.<\/p>\n\n\n\n<p><strong>Gabriela Testa<\/strong>, presidenta del&nbsp;<strong>Emetur<\/strong>, calific\u00f3 las vacaciones de invierno como&nbsp;<em>\u201cmuy buenas, con una cantidad de visitantes similar a la del a\u00f1o pasado\u201d<\/em>. La funcionaria destac\u00f3 los picos de visitantes durante los fines de semana y la presencia de turistas de todo el pa\u00eds y de pa\u00edses vecinos como&nbsp;<strong>Brasil<\/strong>,&nbsp;<strong>Chile<\/strong>,&nbsp;<strong>Uruguay&nbsp;<\/strong>y&nbsp;<strong>Paraguay<\/strong>.<\/p>\n\n\n\n<p><em>\u201cLa verdad que ha sido mucho mejor de lo que esper\u00e1bamos. Creemos que, adem\u00e1s del gran trabajo promocional, la nieve haya llegado en tiempo y forma fue fundamental en la decisi\u00f3n de los viajeros. Mendoza, de todos los destinos con nieve, es el m\u00e1s cercano para los grandes mercados emisores como\u00a0<strong>Buenos Aires\u00a0<\/strong>y\u00a0<strong>C\u00f3rdoba<\/strong>\u201c<\/em>, afirm\u00f3 Testa.<\/p>\n\n\n\n<p>El perfil de quienes viajaron en vacaciones de invierno corresponde principalmente a familias y grupos de amigos con un poder adquisitivo que les permite tomar un descanso en esta \u00e9poca del a\u00f1o, y que son amantes de la naturaleza y la nieve.<\/p>\n\n\n\n<p>En ese sentido, Mendoza ofrece una amplia variedad de actividades en sectores nevados, parques recreativos y centros de esqu\u00ed. Durante el receso invernal, estos lugares permanecieron abiertos y miles de personas pudieron disfrutar de sus servicios. El gasto promedio diario en estas actividades oscil\u00f3 entre 100.000 y 205.000 pesos, incluyendo ingreso, traslado, alquiler de indumentaria, equipos y cadenas.<\/p>\n\n\n\n<p>La&nbsp;<strong>Subsecretar\u00eda de Cultura&nbsp;<\/strong>ofreci\u00f3 m\u00e1s de 200 propuestas art\u00edsticas y recreativas en conjunto con el Emetur y los municipios. Adem\u00e1s, se celebr\u00f3 una nueva edici\u00f3n de la&nbsp;<strong>Fiesta de la Nieve en Malarg\u00fce<\/strong>&nbsp;y eventos como el&nbsp;<strong>Fueg\u00f3dromo en Jun\u00edn<\/strong>&nbsp;y la<strong>&nbsp;Fiesta del Chocolate y Vino en los Bosques de Cacheuta<\/strong>. Todas las actividades contaron con una importante convocatoria de mendocinos y turistas nacionales e internacionales.<\/p>\n\n\n\n<p>Seg\u00fan el motor de b\u00fasqueda de&nbsp;<em>Booking<\/em>, Mendoza se encuentra entre los cinco destinos m\u00e1s elegidos durante las vacaciones de invierno. La provincia se distingue por sus vinos, grandes bodegas con vistas a la&nbsp;<strong>Cordillera de los Andes&nbsp;<\/strong>y destinos como&nbsp;<strong>Potrerillos&nbsp;<\/strong>y&nbsp;<strong>San Rafael<\/strong>.<\/p>\n\n\n\n<p>Diversas agencias tambi\u00e9n colocan a Mendoza entre los cinco destinos m\u00e1s populares junto a Buenos Aires,\u00a0<strong>Salta<\/strong>,\u00a0<strong>Iguaz\u00fa\u00a0<\/strong>y C\u00f3rdoba, destacando el plus de la nieve en invierno.<\/p>\n\n\n\n<p><strong>Fuente: www.elsol.com.ar<\/strong><\/p>\n","protected":false},"excerpt":{"rendered":"<p>Durante las vacaciones de invierno que se vivieron entre el 8 y el 26 de julio, miles de visitantes llegaron a Mendoza para disfrutar de sus paisajes, la&nbsp;enogastronom\u00eda, una importante agenda cultural y la nieve que lleg\u00f3 justo a tiempo. La provincia registr\u00f3 un promedio de ocupaci\u00f3n que oscil\u00f3 entre el 70 y el 88 [&hellip;]<\/p>\n","protected":false},"author":2,"featured_media":8745,"comment_status":"open","ping_status":"open","sticky":false,"template":"","format":"standard","meta":[],"categories":[61],"tags":[],"_links":{"self":[{"href":"https:\/\/pasaenmendoza.com\/index.php?rest_route=\/wp\/v2\/posts\/8744"}],"collection":[{"href":"https:\/\/pasaenmendoza.com\/index.php?rest_route=\/wp\/v2\/posts"}],"about":[{"href":"https:\/\/pasaenmendoza.com\/index.php?rest_route=\/wp\/v2\/types\/post"}],"author":[{"embeddable":true,"href":"https:\/\/pasaenmendoza.com\/index.php?rest_route=\/wp\/v2\/users\/2"}],"replies":[{"embeddable":true,"href":"https:\/\/pasaenmendoza.com\/index.php?rest_route=%2Fwp%2Fv2%2Fcomments&post=8744"}],"version-history":[{"count":1,"href":"https:\/\/pasaenmendoza.com\/index.php?rest_route=\/wp\/v2\/posts\/8744\/revisions"}],"predecessor-version":[{"id":8746,"href":"https:\/\/pasaenmendoza.com\/index.php?rest_route=\/wp\/v2\/posts\/8744\/revisions\/8746"}],"wp:featuredmedia":[{"embeddable":true,"href":"https:\/\/pasaenmendoza.com\/index.php?rest_route=\/wp\/v2\/media\/8745"}],"wp:attachment":[{"href":"https:\/\/pasaenmendoza.com\/index.php?rest_route=%2Fwp%2Fv2%2Fmedia&parent=8744"}],"wp:term":[{"taxonomy":"category","embeddable":true,"href":"https:\/\/pasaenmendoza.com\/index.php?rest_route=%2Fwp%2Fv2%2Fcategories&post=8744"},{"taxonomy":"post_tag","embeddable":true,"href":"https:\/\/pasaenmendoza.com\/index.php?rest_route=%2Fwp%2Fv2%2Ftags&post=8744"}],"curies":[{"name":"wp","href":"https:\/\/api.w.org\/{rel}","templated":true}]}}