{"id":8747,"date":"2024-07-27T00:58:05","date_gmt":"2024-07-26T22:58:05","guid":{"rendered":"https:\/\/pasaenmendoza.com\/?p=8747"},"modified":"2024-07-27T00:58:06","modified_gmt":"2024-07-26T22:58:06","slug":"el-tiempo-en-mendoza-baja-la-temperatura-este-viernes-y-asi-estara-el-fin-de-semana","status":"publish","type":"post","link":"https:\/\/pasaenmendoza.com\/?p=8747","title":{"rendered":"El tiempo en Mendoza: baja la temperatura este viernes y as\u00ed estar\u00e1 el fin de semana"},"content":{"rendered":"\n<p>Luego de dos d\u00edas con&nbsp;<strong>efecto Zonda<\/strong>&nbsp;y temperaturas agradables para lo que implica julio, este viernes bajar\u00e1 la m\u00e1xima debido al ingreso de un&nbsp;<strong>frente fr\u00edo<\/strong>.<\/p>\n\n\n\n<p>El pron\u00f3stico de la<strong>&nbsp;Direcci\u00f3n de Contingencias Clim\u00e1ticas&nbsp;<\/strong>adelant\u00f3 que para esta jornada habr\u00e1 \u201c<em>poca nubosidad con descenso de la temperatura, vientos moderados del sector sur. Ingreso de frente fr\u00edo<\/em>\u201c.<\/p>\n\n\n\n<p>Y habr\u00e1 que estar atentos sobre sobre el tr\u00e1nsito en la alta monta\u00f1a y la ruta 7, puesto que se esperan \u201c<em>nevadas en cordillera<\/em>\u201c.<\/p>\n\n\n\n<p>La temperatura m\u00e1xima llegar\u00e1 a 17 grados cent\u00edgrados, mientras que la m\u00ednima bajar\u00e1 a los 6 grados cent\u00edgrados.<\/p>\n\n\n\n<h2 class=\"wp-block-heading\" id=\"h-sabado\">S\u00e1bado<\/h2>\n\n\n\n<p>Las condiciones se mantendr\u00e1n similares. Se espera \u201cpoca nubosidad con leve ascenso de la temperatura, vientos moderados del sector sur. Estable en cordillera\u201d.<\/p>\n\n\n\n<p>La m\u00e1xima ser\u00e1 de unos 18 grados cent\u00edgrados, mientras que la m\u00ednima bajar\u00e1 a los 3 grados cent\u00edgrados.<\/p>\n\n\n\n<h2 class=\"wp-block-heading\" id=\"h-domingo\">Domingo<\/h2>\n\n\n\n<p>Habr\u00e1 que abrigarse porque la m\u00e1xima ser\u00e1 la m\u00e1s baja y el inicio de una semana bastante fr\u00eda.<\/p>\n\n\n\n<p>Estar\u00e1 \u201cmayormente nublado y fr\u00edo, vientos moderados del noreste. Estable en cordillera\u201d.<\/p>\n\n\n\n<p>La m\u00e1xima ascender\u00e1 s\u00f3lo a 9 grados cent\u00edgrados, mientras que la m\u00ednima orillar\u00e1 el cero: un grado cent\u00edgrado.<\/p>\n\n\n\n<p><strong>Fuente: www.elsol.com.ar<\/strong><\/p>\n","protected":false},"excerpt":{"rendered":"<p>Luego de dos d\u00edas con&nbsp;efecto Zonda&nbsp;y temperaturas agradables para lo que implica julio, este viernes bajar\u00e1 la m\u00e1xima debido al ingreso de un&nbsp;frente fr\u00edo. El pron\u00f3stico de la&nbsp;Direcci\u00f3n de Contingencias Clim\u00e1ticas&nbsp;adelant\u00f3 que para esta jornada habr\u00e1 \u201cpoca nubosidad con descenso de la temperatura, vientos moderados del sector sur. Ingreso de frente fr\u00edo\u201c. Y habr\u00e1 que [&hellip;]<\/p>\n","protected":false},"author":2,"featured_media":8748,"comment_status":"open","ping_status":"open","sticky":false,"template":"","format":"standard","meta":[],"categories":[52],"tags":[],"_links":{"self":[{"href":"https:\/\/pasaenmendoza.com\/index.php?rest_route=\/wp\/v2\/posts\/8747"}],"collection":[{"href":"https:\/\/pasaenmendoza.com\/index.php?rest_route=\/wp\/v2\/posts"}],"about":[{"href":"https:\/\/pasaenmendoza.com\/index.php?rest_route=\/wp\/v2\/types\/post"}],"author":[{"embeddable":true,"href":"https:\/\/pasaenmendoza.com\/index.php?rest_route=\/wp\/v2\/users\/2"}],"replies":[{"embeddable":true,"href":"https:\/\/pasaenmendoza.com\/index.php?rest_route=%2Fwp%2Fv2%2Fcomments&post=8747"}],"version-history":[{"count":1,"href":"https:\/\/pasaenmendoza.com\/index.php?rest_route=\/wp\/v2\/posts\/8747\/revisions"}],"predecessor-version":[{"id":8749,"href":"https:\/\/pasaenmendoza.com\/index.php?rest_route=\/wp\/v2\/posts\/8747\/revisions\/8749"}],"wp:featuredmedia":[{"embeddable":true,"href":"https:\/\/pasaenmendoza.com\/index.php?rest_route=\/wp\/v2\/media\/8748"}],"wp:attachment":[{"href":"https:\/\/pasaenmendoza.com\/index.php?rest_route=%2Fwp%2Fv2%2Fmedia&parent=8747"}],"wp:term":[{"taxonomy":"category","embeddable":true,"href":"https:\/\/pasaenmendoza.com\/index.php?rest_route=%2Fwp%2Fv2%2Fcategories&post=8747"},{"taxonomy":"post_tag","embeddable":true,"href":"https:\/\/pasaenmendoza.com\/index.php?rest_route=%2Fwp%2Fv2%2Ftags&post=8747"}],"curies":[{"name":"wp","href":"https:\/\/api.w.org\/{rel}","templated":true}]}}