{"id":875,"date":"2023-08-23T15:28:55","date_gmt":"2023-08-23T13:28:55","guid":{"rendered":"https:\/\/pasaenmendoza.com\/?p=875"},"modified":"2023-08-23T15:28:56","modified_gmt":"2023-08-23T13:28:56","slug":"cooperativa-fantasma-ex-funcionario-implico-a-orozco-janina-ortiz-y-bustos","status":"publish","type":"post","link":"https:\/\/pasaenmendoza.com\/?p=875","title":{"rendered":"Cooperativa fantasma: Ex funcionario implic\u00f3 a Orozco, Janina Ortiz y Bustos"},"content":{"rendered":"\n<p>Un ex director de Desarrollo Econ\u00f3mico declar\u00f3 a la justicia que todos conoc\u00edan la operatoria trucha de obtener subsidios a trav\u00e9s de asociaciones y cooperativas. Relat\u00f3 tres reuniones, una incluso con un hijo del intendente. Orozco y Ortiz est\u00e1n citados a declarar hoy.<\/p>\n\n\n\n<p>La causa por la\u00a0cooperativa fantasma\u00a0<strong>&#8220;Manos a la Obra&#8221;<\/strong>\u00a0creada en Las Heras con el aparente prop\u00f3sito de\u00a0<strong>estafar a la Municipalidad<\/strong>\u00a0y extraer dinero de modo ilegal ya cuenta con testimonios clave, muy valiosos, y con\u00a0<strong>datos precisos<\/strong>\u00a0que permiten sostener la acusaci\u00f3n fiscal por fraude al Estado en su modalidad de estafa contra el subsecretario de Pol\u00edticas Sociales del Municipio\u00a0<strong>Osvaldo Oyhenart<\/strong>, su yerno\u00a0<strong>Juan Pablo Pandolfi<\/strong>, y contra el titular de la cooperativa\u00a0<strong>Adri\u00e1n P\u00e9rez<\/strong>, un puntero apodado &#8220;El Moco&#8221;, que aunque ser\u00eda una persona no alfabetizada, parece que hasta firmaba cheques y mov\u00eda expedientes. Los tres est\u00e1n acusados e imputados por la justicia como<strong>\u00a0autores del delito de fraude al Estado por poco m\u00e1s de 34 millones de pesos<\/strong>\u00a0que habr\u00edan logrado extraer de modo ilegal. Pero las imputaciones podr\u00edan ampliarse a m\u00e1s funcionarios.<\/p>\n\n\n\n<p>La causa &#8220;de las cooperativas&#8221; podr\u00eda tener en la tarde de hoy mi\u00e9rcoles 23 un aporte importante. A las 16:00 deben presentarse en &#8220;declaraci\u00f3n informativa&#8221; el intendente\u00a0<strong>Daniel Orozco<\/strong>\u00a0y la Secretaria de Gobierno\u00a0<strong>Janina Ortiz<\/strong>,\u00a0que volvieron la semana pasada de su luna de miel en M\u00e9xico. La &#8220;informativa&#8221; no es un aporte como testigos. Es un estado en que el Ministerio P\u00fablico les va a comunicar a Orozco y a Ortiz cierta\u00a0<strong>sospecha<\/strong>, que buscar\u00e1 despejar o profundizar. En pocas palabras, probablemente el fiscal de Delitos Econ\u00f3micos\u00a0<strong>Flavio D&#8217;Amore<\/strong>\u00a0cree que Orozco y Ortiz\u00a0<strong>no pod\u00edan desconocer<\/strong>, dados sus roles y sus intervenciones, lo que estaba ocurriendo con la creaci\u00f3n de cooperativas &#8220;fantasma&#8221; y la extracci\u00f3n de dinero de la Municipalidad por esa v\u00eda. Esa presunci\u00f3n del fiscal no ser\u00eda una cuesti\u00f3n de fe, sino que estar\u00eda basada en la evidencia y los testimonios recogidos hasta ahora.<\/p>\n\n\n\n<p>No est\u00e1 claro que\u00a0<strong>Ortiz<\/strong>\u00a0y\u00a0<strong>Orozco<\/strong>\u00a0cumplan la citaci\u00f3n y concurran hoy al Polo Judicial a declarar. De momento, Janina Ortiz ha logrado esquivar con \u00e9xito una imputaci\u00f3n por coacci\u00f3n.\u00a0Est\u00e1 acusada de obligar a una empleada a grabar\u00a0a\u00a0<strong>Osvaldo Oyhenart<\/strong>. De esa grabaci\u00f3n de 26 minutos naci\u00f3 justamente\u00a0la investigaci\u00f3n del Post\u00a0y el caso &#8220;cooperativas&#8221;. El lunes pr\u00f3ximo, 28 de agosto, este paso judicial se dirimir\u00e1 en una audiencia. La secretaria de gobierno tambi\u00e9n consigui\u00f3 que se condene al autor de la promocionada agresi\u00f3n que sufri\u00f3 el martes 20 de junio.\u00a0Pero fue sin debate, en juicio abreviado, y sin preguntar demasiado.\u00a0As\u00ed le dieron seis meses de prisi\u00f3n al convicto\u00a0<strong>Francisco Guardia Reale<\/strong>\u00a0por la agresi\u00f3n a Ortiz. Pero nunca se sabr\u00e1 qui\u00e9n orden\u00f3 y planific\u00f3 ese &#8220;ataque&#8221; que\u00a0<strong>flameaba por todos lados<\/strong>, a causa de la incongruencia entre el relato de la v\u00edctima y sus testigos, y lo que iban demostrando peritajes y testimonios independientes. Estas &#8220;gambetas&#8221; judiciales que mantienen a resguardo a Ortiz son m\u00e9rito de\u00a0<strong>Mar\u00eda Elena Quintero<\/strong>, la abogada multiprop\u00f3sito con la que cuenta el orozquismo. Ahora, el fiscal\u00a0<strong>Flavio D&#8217;Amore\u00a0<\/strong>interrogar\u00e1 a Ortiz y Orozco a pedido del abogado querellante\u00a0<strong>Pablo Teixeiro<\/strong>, que representa a la Direcci\u00f3n de Cooperativas de la Provincia.<\/p>\n\n\n\n<p>FUENTE: mendozapost.com<\/p>\n","protected":false},"excerpt":{"rendered":"<p>Un ex director de Desarrollo Econ\u00f3mico declar\u00f3 a la justicia que todos conoc\u00edan la operatoria trucha de obtener subsidios a trav\u00e9s de asociaciones y cooperativas. Relat\u00f3 tres reuniones, una incluso con un hijo del intendente. Orozco y Ortiz est\u00e1n citados a declarar hoy. La causa por la\u00a0cooperativa fantasma\u00a0&#8220;Manos a la Obra&#8221;\u00a0creada en Las Heras con [&hellip;]<\/p>\n","protected":false},"author":2,"featured_media":877,"comment_status":"open","ping_status":"open","sticky":true,"template":"","format":"standard","meta":[],"categories":[47],"tags":[],"_links":{"self":[{"href":"https:\/\/pasaenmendoza.com\/index.php?rest_route=\/wp\/v2\/posts\/875"}],"collection":[{"href":"https:\/\/pasaenmendoza.com\/index.php?rest_route=\/wp\/v2\/posts"}],"about":[{"href":"https:\/\/pasaenmendoza.com\/index.php?rest_route=\/wp\/v2\/types\/post"}],"author":[{"embeddable":true,"href":"https:\/\/pasaenmendoza.com\/index.php?rest_route=\/wp\/v2\/users\/2"}],"replies":[{"embeddable":true,"href":"https:\/\/pasaenmendoza.com\/index.php?rest_route=%2Fwp%2Fv2%2Fcomments&post=875"}],"version-history":[{"count":1,"href":"https:\/\/pasaenmendoza.com\/index.php?rest_route=\/wp\/v2\/posts\/875\/revisions"}],"predecessor-version":[{"id":878,"href":"https:\/\/pasaenmendoza.com\/index.php?rest_route=\/wp\/v2\/posts\/875\/revisions\/878"}],"wp:featuredmedia":[{"embeddable":true,"href":"https:\/\/pasaenmendoza.com\/index.php?rest_route=\/wp\/v2\/media\/877"}],"wp:attachment":[{"href":"https:\/\/pasaenmendoza.com\/index.php?rest_route=%2Fwp%2Fv2%2Fmedia&parent=875"}],"wp:term":[{"taxonomy":"category","embeddable":true,"href":"https:\/\/pasaenmendoza.com\/index.php?rest_route=%2Fwp%2Fv2%2Fcategories&post=875"},{"taxonomy":"post_tag","embeddable":true,"href":"https:\/\/pasaenmendoza.com\/index.php?rest_route=%2Fwp%2Fv2%2Ftags&post=875"}],"curies":[{"name":"wp","href":"https:\/\/api.w.org\/{rel}","templated":true}]}}