{"id":8750,"date":"2024-07-30T01:08:24","date_gmt":"2024-07-29T23:08:24","guid":{"rendered":"https:\/\/pasaenmendoza.com\/?p=8750"},"modified":"2024-07-30T01:08:25","modified_gmt":"2024-07-29T23:08:25","slug":"anunciaron-la-creacion-de-una-mesa-de-fiscalizacion-del-comercio-entre-entidades-publicas-y-privadas","status":"publish","type":"post","link":"https:\/\/pasaenmendoza.com\/?p=8750","title":{"rendered":"Anunciaron la creaci\u00f3n de una Mesa de Fiscalizaci\u00f3n del comercio entre entidades p\u00fablicas y privadas"},"content":{"rendered":"\n<p>Para promover la<strong>&nbsp;lealtad comercial y la salubridad de los productos, Mendoza&nbsp;<\/strong>implementar\u00e1 mecanismos de fiscalizaci\u00f3n integrales y coordinados para lo que anunciaron la&nbsp;<strong>creaci\u00f3n de una Mesa de Fiscalizaci\u00f3n<\/strong>&nbsp;formada por todos los organismos pertinentes y la implementaci\u00f3n de una importante campa\u00f1a de concientizaci\u00f3n para promover buenas pr\u00e1cticas comerciales.<\/p>\n\n\n\n<p>El<strong>&nbsp;Ministerio de Producci\u00f3n<\/strong>&nbsp;organiz\u00f3 un nuevo encuentro de la&nbsp;<strong>Mesa de Lealtad Comercial<\/strong>, en la Casa de Gobierno. La reuni\u00f3n cont\u00f3 con la participaci\u00f3n de representantes de la&nbsp;<strong>Administraci\u00f3n Federal de Ingresos P\u00fablicos (AFIP), la Administraci\u00f3n Tributaria Mendoza (ATM), Defensa del Consumidor, la Subsecretar\u00eda de Trabajo, los municipios del Gran Mendoza y miembros de la C\u00e1mara de Empresarios Panaderos de Mendoza y de la Federaci\u00f3n Argentina de la Industria del Pan y Afines.<\/strong><\/p>\n\n\n\n<p>En representaci\u00f3n del Ministerio de Producci\u00f3n, participaron\u00a0<strong>Alberto Marengo<\/strong>, subsecretario de Comercio, Industria y Log\u00edstica;\u00a0<strong>Mauricio Pinti Clop<\/strong>, director general de Desarrollo Productivo, y\u00a0<strong>Leandro Rold\u00e1n<\/strong>, director de Fiscalizaci\u00f3n, Control y Tecnolog\u00eda Agroindustrial.<\/p>\n\n\n\n<h2 class=\"wp-block-heading\">Cruza de datos entre los organismos de control<\/h2>\n\n\n\n<p>En la reuni\u00f3n se acord\u00f3 mantener la implementaci\u00f3n de mecanismos de control y seguimiento eficientes, as\u00ed como realizar campa\u00f1as de concientizaci\u00f3n para promover pr\u00e1cticas comerciales \u00e9ticas y continuar con la&nbsp;<strong>cruza de datos entre todos los organismos de control, a fin de evitar la evasi\u00f3n y combatir la clandestinidad<\/strong>&nbsp;y el trabajo en negro.<\/p>\n\n\n\n<p>\u201cLa clandestinidad en el sector panadero es muy alta y genera un impacto negativo en todos los comercios que cumplen con los requerimientos establecidos\u201d, sostuvo&nbsp;<strong>Cristian Di Betta<\/strong>, presidente de la C\u00e1mara de Empresarios Panaderos de Mendoza.<\/p>\n\n\n\n<p>Por su parte, el subsecretario de Industria, Comercio y Log\u00edstica, Alberto Marengo, agreg\u00f3: \u201cA pedido del sector privado, principalmente de la C\u00e1mara de Empresarios Panaderos de Mendoza y de la Federaci\u00f3n Argentina de la Industria del Pan y Afines, mantuvimos una reuni\u00f3n para tratar la problem\u00e1tica de la clandestinidad de los comercios y el consumo de productos panificados sin los controles de salubridad espec\u00edficos. Nos han pedido colaboraci\u00f3n para implementar una campa\u00f1a de concientizaci\u00f3n y armar una mesa de fiscalizaci\u00f3n que trabaje de manera coordinada y comparta informaci\u00f3n transversal a todos los actores\u201d.<\/p>\n\n\n\n<p>\u201cBuscamos una sinergia entre todas las \u00e1reas de gobierno tanto municipal, como provincial y nacional, para avanzar en la lealtad comercial de los distintos actores y el consumo responsable de los usuarios. La idea es simplificar acciones, no superponer tareas y reunirnos con cierta periodicidad para poder analizar los avances. Estas iniciativas no s\u00f3lo impulsar\u00e1n el crecimiento econ\u00f3mico sino que tambi\u00e9n garantizar\u00e1n mayor equidad y transparencia en las relaciones comerciales\u201d, agreg\u00f3 Mauricio Pinti Clop, director general de Desarrollo Productivo.<\/p>\n\n\n\n<p>A su turno,&nbsp;<strong>M\u00f3nica Lucero<\/strong>, directora de Defensa del Consumidor, resalt\u00f3: \u201cComo resultado de esta reuni\u00f3n, se ha conformado una mesa de trabajo interinstitucional con el objetivo de fortalecer los mecanismos de control y fiscalizaci\u00f3n, a la vez de brindar acompa\u00f1amiento a los productores formales. Reafirmamos nuestro compromiso de garantizar la salubridad de los alimentos y proteger la competencia leal en el sector\u201d.<\/p>\n\n\n\n<p>En sinton\u00eda con lo anteriormente expresado,&nbsp;<strong>Nicol\u00e1s Chaves,<\/strong>&nbsp;director General de Rentas de ATM, a\u00f1adi\u00f3: \u201cEscuchamos la problem\u00e1tica del sector y tomamos estas inquietudes para planear junto con el organismo las pol\u00edticas de acci\u00f3n a seguir, que es la continuaci\u00f3n del proceso de los diferentes proyectos que lleva adelante ATM en materia de fiscalizaci\u00f3n\u201d, finaliz\u00f3.<\/p>\n\n\n\n<h2 class=\"wp-block-heading\">Pr\u00e1cticas comerciales justas y \u00e9ticas<\/h2>\n\n\n\n<p>La Mesa de Lealtad Comercial, integrada por\u00a0<strong>representantes de empresas, organismos gubernamentales y otras partes interesadas,<\/strong>\u00a0tiene como objetivo promover pr\u00e1cticas comerciales justas y \u00e9ticas, como la compra en blanco y la concientizaci\u00f3n del usuario para no fomentar el mercado clandestino. Adem\u00e1s, busca fortalecer la lealtad del cliente a trav\u00e9s de la confianza y la satisfacci\u00f3n, compartiendo estrategias y buenas pr\u00e1cticas que refuercen la fidelidad de los consumidores hacia las marcas y productos en el mercado.<\/p>\n\n\n\n<p><strong>Fuente: www.diariouno.com.ar<\/strong><\/p>\n","protected":false},"excerpt":{"rendered":"<p>Para promover la&nbsp;lealtad comercial y la salubridad de los productos, Mendoza&nbsp;implementar\u00e1 mecanismos de fiscalizaci\u00f3n integrales y coordinados para lo que anunciaron la&nbsp;creaci\u00f3n de una Mesa de Fiscalizaci\u00f3n&nbsp;formada por todos los organismos pertinentes y la implementaci\u00f3n de una importante campa\u00f1a de concientizaci\u00f3n para promover buenas pr\u00e1cticas comerciales. El&nbsp;Ministerio de Producci\u00f3n&nbsp;organiz\u00f3 un nuevo encuentro de la&nbsp;Mesa de [&hellip;]<\/p>\n","protected":false},"author":2,"featured_media":8751,"comment_status":"open","ping_status":"open","sticky":false,"template":"","format":"standard","meta":[],"categories":[112],"tags":[],"_links":{"self":[{"href":"https:\/\/pasaenmendoza.com\/index.php?rest_route=\/wp\/v2\/posts\/8750"}],"collection":[{"href":"https:\/\/pasaenmendoza.com\/index.php?rest_route=\/wp\/v2\/posts"}],"about":[{"href":"https:\/\/pasaenmendoza.com\/index.php?rest_route=\/wp\/v2\/types\/post"}],"author":[{"embeddable":true,"href":"https:\/\/pasaenmendoza.com\/index.php?rest_route=\/wp\/v2\/users\/2"}],"replies":[{"embeddable":true,"href":"https:\/\/pasaenmendoza.com\/index.php?rest_route=%2Fwp%2Fv2%2Fcomments&post=8750"}],"version-history":[{"count":1,"href":"https:\/\/pasaenmendoza.com\/index.php?rest_route=\/wp\/v2\/posts\/8750\/revisions"}],"predecessor-version":[{"id":8752,"href":"https:\/\/pasaenmendoza.com\/index.php?rest_route=\/wp\/v2\/posts\/8750\/revisions\/8752"}],"wp:featuredmedia":[{"embeddable":true,"href":"https:\/\/pasaenmendoza.com\/index.php?rest_route=\/wp\/v2\/media\/8751"}],"wp:attachment":[{"href":"https:\/\/pasaenmendoza.com\/index.php?rest_route=%2Fwp%2Fv2%2Fmedia&parent=8750"}],"wp:term":[{"taxonomy":"category","embeddable":true,"href":"https:\/\/pasaenmendoza.com\/index.php?rest_route=%2Fwp%2Fv2%2Fcategories&post=8750"},{"taxonomy":"post_tag","embeddable":true,"href":"https:\/\/pasaenmendoza.com\/index.php?rest_route=%2Fwp%2Fv2%2Ftags&post=8750"}],"curies":[{"name":"wp","href":"https:\/\/api.w.org\/{rel}","templated":true}]}}