{"id":8753,"date":"2024-07-30T01:15:14","date_gmt":"2024-07-29T23:15:14","guid":{"rendered":"https:\/\/pasaenmendoza.com\/?p=8753"},"modified":"2024-07-30T01:15:16","modified_gmt":"2024-07-29T23:15:16","slug":"una-chica-de-16-anos-le-fracturo-el-orbital-del-ojo-de-una-trompada-a-una-companera-de-escuela","status":"publish","type":"post","link":"https:\/\/pasaenmendoza.com\/?p=8753","title":{"rendered":"Una chica de 16 a\u00f1os le fractur\u00f3 el orbital del ojo de una trompada a una compa\u00f1era de escuela"},"content":{"rendered":"\n<p>La agresi\u00f3n f\u00edsica es recurrente entre alumnos de Secundaria, y las peleas generalmente se dan a la salida del colegio. Ahora pas\u00f3 en el departamento de Maip\u00fa, cuando en una parada del micro, a la vuelta de la escuela N\u00ba 4-261 \u201cPresidente Ra\u00fal Ricardo Alfons\u00edn\u201d,\u00a0<strong>una alumna de 16 a\u00f1os recibi\u00f3 una trompada<\/strong>\u00a0de parte de una compa\u00f1era que le fractur\u00f3 el orbital de un ojo.<\/p>\n\n\n\n<p>El violento ataque ocurri\u00f3 el viernes por la tarde y la mam\u00e1 de la v\u00edctima realiz\u00f3 al otro d\u00eda la denuncia penal en la comisar\u00eda 10\u00b0 de Maip\u00fa, mientras su hija intenta recuperarse de la grave lesi\u00f3n.&nbsp;<strong>Habr\u00eda sido golpeada con una manopla<\/strong>. Autoridades de la DGE, junto a los directivos del colegio, tomaron cartas en el asunto y esta tarde de lunes, cuando asista la supuesta agresora a clases, se la citar\u00e1 para prestar su declaraci\u00f3n.<\/p>\n\n\n\n<p>El mismo d\u00eda de la agresi\u00f3n a la estudiante de tercer a\u00f1o por parte de una compa\u00f1era de la misma edad que va a otro curso,\u00a0<strong>arrestaron a un joven<\/strong>\u00a0que junto a otros chicos intent\u00f3 meterse en la escuela para amedrentar a un grupo de alumnos.<\/p>\n\n\n\n<p>De acuerdo a las versiones de la madre de la joven atacada en Maip\u00fa, &#8220;mi hija sale 6.40 de la tarde, se viene a tomar el micro frente a la escuela y ah\u00ed la chica la empez\u00f3 a empujar y a decirle que le iba a pegar&#8221;.<\/p>\n\n\n\n<p>&#8220;Justo hab\u00eda un pap\u00e1 de un nene del colegio y le sugiri\u00f3 que se fuera a la parada de la vuelta, pero la chica la sigui\u00f3 y\u00a0<strong>le peg\u00f3 al parecer con una manopla<\/strong>&#8220;, complet\u00f3 su relato la mam\u00e1 de la alumna que termin\u00f3 con el orbital de un ojo quebrado. &#8220;La oftalm\u00f3loga que la vio a mi hija supone que fue con una manopla por el da\u00f1o que le caus\u00f3&#8221;.<\/p>\n\n\n\n<h2 class=\"wp-block-heading\">En ese ojo la joven golpeada tiene un tumor<\/h2>\n\n\n\n<p>A todo esto, la madre de la estudiante golpeada revel\u00f3 que&nbsp;<strong>su hija tiene un tumor en ese ojo<\/strong>&nbsp;por lo que &#8220;sufre de bullying desde primer a\u00f1o, y siempre est\u00e1 con psic\u00f3logos y psicopedagogas&#8221;.<\/p>\n\n\n\n<p>Ambas de 16 a\u00f1os, la v\u00edctima se encuentra recuper\u00e1ndose de las graves heridas, &#8220;est\u00e1 muy dolorida, muy nerviosa&#8221;, aport\u00f3 su mam\u00e1; mientras se espera que la adolescente que la habr\u00eda golpeado d\u00e9 su versi\u00f3n de los hechos a las autoridades educativas, bajo un protocolo escolar activado que podr\u00eda pasar a la alumna a la modalidad de &#8220;<strong>escolaridad protegida<\/strong>&#8220;, sin ir a clases.<\/p>\n\n\n\n<p>A partir de ahora, se aplica de este modo el protocolo de acci\u00f3n escolar para que tanto la agresora como la agredida puedan volver al colegio de la mejor manera. &#8220;Ahora en la tarde, cuando viene la otra alumna, hablaremos desde los directivos y el servicio de orientaci\u00f3n, para ver lo que ha ocurrido y luego\u00a0<strong>citar a los padres para informar<\/strong>\u00a0tambi\u00e9n&#8221;.<\/p>\n\n\n\n<h2 class=\"wp-block-heading\">Las medidas que tomar\u00e1 la escuela<\/h2>\n\n\n\n<p>En la escuela secundaria de Maip\u00fa donde asisten las estudiantes cursan unos 700 chicos y trabajan m\u00e1s de 100 docentes. Walter Lino aclar\u00f3 que las medidas disciplinarias se tomar\u00e1n una vez recabados los testimonios, y que las acciones a implementar surgen a partir de la evaluaci\u00f3n que har\u00e1 el&nbsp;<strong>Consejo de Convivencia<\/strong>.<\/p>\n\n\n\n<p>&#8220;Claramente esta situaci\u00f3n est\u00e1 enmarcada dentro de las faltas a la norma de convivencia. Entonces lo que se hace es ver que la situaci\u00f3n efectivamente ocurri\u00f3. La alumna tiene que hacer su descargo y despu\u00e9s&nbsp;<strong>el consejo escolar es el que decide qu\u00e9 es lo que ocurre<\/strong>&nbsp;y determina los pasos a seguir&#8221;, detall\u00f3 el supervisor Walter Lino.<\/p>\n\n\n\n<p>Ese Consejo de Convivencia est\u00e1 integrado por directivos, autoridades de los servicios de orientaci\u00f3n, estudiantes, docentes y celadores. Y esta entidad definir\u00e1 si la supuesta agresora continuar\u00e1 su ciclo lectivo con &#8220;escolaridad protegida&#8221; o no.<\/p>\n\n\n\n<p>El supervisor Lino dijo que desde el establecimiento educativo estuvieron en contacto con la mam\u00e1 de la alumna golpeada &#8220;todo el fin de semana&#8221;. Y que&nbsp;<strong>&#8220;nada indicaba&#8221; que entre ambas alumnas hubiera un problema<\/strong>&nbsp;de convivencia escolar.<\/p>\n\n\n\n<p>&#8220;De acuerdo a lo que tiene conocimiento la directora,&nbsp;<strong>las experiencias de bullying (de la joven golpeada) las ha tenido en la Primaria<\/strong>, y aqu\u00ed en la Secundaria se han tratado, era alguien que conoce la directora, por estar en contacto, pero no hay acciones puntuales referidas al bullying&#8221;, manifest\u00f3 Lino en contraposici\u00f3n a las declaraciones de la mam\u00e1 de la joven que asegur\u00f3 que desde primer a\u00f1o su hija sufre bullying en el colegio. De todos modos, el supervisor aclar\u00f3 que &#8220;hay situaciones de bullying que son evidentes, y podemos anticiparlas y participar; y hay otras que son m\u00e1s dif\u00edciles de detectar&#8221;.<\/p>\n\n\n\n<h2 class=\"wp-block-heading\">El centro de estudiantes de la escuela trabaja sobre bullying<\/h2>\n\n\n\n<p>Justamente esta escuela maipucina est\u00e1 desarrollando&nbsp;<strong>acciones de convivencia<\/strong>&nbsp;a trav\u00e9s del centro de estudiantes. Seg\u00fan cont\u00f3 Lino, &#8220;antes del receso invernal hab\u00edan realizado un concurso con una obra de teatro que trataba el bullying y en el que participaron todos los alumnos&#8221;. Y se lament\u00f3: &#8220;Pasan estas cosas y tiran para atr\u00e1s todo lo que de pronto se estaba haciendo&#8221;.<\/p>\n\n\n\n<p>Adem\u00e1s, hizo foco en la ubicaci\u00f3n estrat\u00e9gica del colegio, sobre la esquina de Patricias Argentinas y Juan Domingo Per\u00f3n del centro maipucino, para informar que &#8220;vienen chicos de muchos barrios del departamento&#8221;.<\/p>\n\n\n\n<p>&#8220;De hecho, estas alumnas del conflicto vienen de diferentes barrios;\u00a0<strong>no es que la escuela est\u00e9 ubicada en un lugar conflictivo<\/strong>, es un colegio grande que funciona en turno ma\u00f1ana y tarde y tiene 690 estudiantes&#8221;, remarc\u00f3 el supervisor de la DGE.<\/p>\n\n\n\n<p><strong>Fuente: www.diariouno.com.ar<\/strong><\/p>\n","protected":false},"excerpt":{"rendered":"<p>La agresi\u00f3n f\u00edsica es recurrente entre alumnos de Secundaria, y las peleas generalmente se dan a la salida del colegio. Ahora pas\u00f3 en el departamento de Maip\u00fa, cuando en una parada del micro, a la vuelta de la escuela N\u00ba 4-261 \u201cPresidente Ra\u00fal Ricardo Alfons\u00edn\u201d,\u00a0una alumna de 16 a\u00f1os recibi\u00f3 una trompada\u00a0de parte de una [&hellip;]<\/p>\n","protected":false},"author":2,"featured_media":8754,"comment_status":"open","ping_status":"open","sticky":false,"template":"","format":"standard","meta":[],"categories":[50],"tags":[],"_links":{"self":[{"href":"https:\/\/pasaenmendoza.com\/index.php?rest_route=\/wp\/v2\/posts\/8753"}],"collection":[{"href":"https:\/\/pasaenmendoza.com\/index.php?rest_route=\/wp\/v2\/posts"}],"about":[{"href":"https:\/\/pasaenmendoza.com\/index.php?rest_route=\/wp\/v2\/types\/post"}],"author":[{"embeddable":true,"href":"https:\/\/pasaenmendoza.com\/index.php?rest_route=\/wp\/v2\/users\/2"}],"replies":[{"embeddable":true,"href":"https:\/\/pasaenmendoza.com\/index.php?rest_route=%2Fwp%2Fv2%2Fcomments&post=8753"}],"version-history":[{"count":1,"href":"https:\/\/pasaenmendoza.com\/index.php?rest_route=\/wp\/v2\/posts\/8753\/revisions"}],"predecessor-version":[{"id":8755,"href":"https:\/\/pasaenmendoza.com\/index.php?rest_route=\/wp\/v2\/posts\/8753\/revisions\/8755"}],"wp:featuredmedia":[{"embeddable":true,"href":"https:\/\/pasaenmendoza.com\/index.php?rest_route=\/wp\/v2\/media\/8754"}],"wp:attachment":[{"href":"https:\/\/pasaenmendoza.com\/index.php?rest_route=%2Fwp%2Fv2%2Fmedia&parent=8753"}],"wp:term":[{"taxonomy":"category","embeddable":true,"href":"https:\/\/pasaenmendoza.com\/index.php?rest_route=%2Fwp%2Fv2%2Fcategories&post=8753"},{"taxonomy":"post_tag","embeddable":true,"href":"https:\/\/pasaenmendoza.com\/index.php?rest_route=%2Fwp%2Fv2%2Ftags&post=8753"}],"curies":[{"name":"wp","href":"https:\/\/api.w.org\/{rel}","templated":true}]}}