{"id":8756,"date":"2024-07-30T01:20:14","date_gmt":"2024-07-29T23:20:14","guid":{"rendered":"https:\/\/pasaenmendoza.com\/?p=8756"},"modified":"2024-07-30T01:20:22","modified_gmt":"2024-07-29T23:20:22","slug":"salud-oficializo-el-cobro-de-la-atencion-en-hospitales-publicos-a-extranjeros-en-transito-por-mendoza","status":"publish","type":"post","link":"https:\/\/pasaenmendoza.com\/?p=8756","title":{"rendered":"Salud oficializ\u00f3 el cobro de la atenci\u00f3n en hospitales p\u00fablicos a extranjeros en tr\u00e1nsito por Mendoza"},"content":{"rendered":"\n<p>Mendoza se convierte en la segunda provincia del pa\u00eds en cobrar la atenci\u00f3n m\u00e9dica a<strong>\u00a0extranjeros en tr\u00e1nsito o turistas que se atiendan en hospitales p\u00fablicos,<\/strong>\u00a0remitiendo la factura al paciente que podr\u00e1 solicitar el reembolso en su pa\u00eds de origen. Desde julio rige el\u00a0<strong>Ente de Recuperaci\u00f3n de Fondos para el Fortalecimiento del Sistema de Salud de Mendoza\u00a0<\/strong>(Reforsal) encargado de gestionar por la prestaci\u00f3n y a valores actuales.<\/p>\n\n\n\n<p>&#8220;Se considerar\u00e1\u00a0<strong>&#8216;no residentes&#8217; a los pacientes de nacionalidad extranjera<\/strong>\u00a0que se encuentren en las categor\u00edas de residentes transitorios y precarios, conforme a lo establecido en el Art\u00edculo 24 de la Ley de Migraciones N\u00b0 25.871. En estos casos, los gastos de la asistencia m\u00e9dica recibida deber\u00e1n\u00a0<strong>ser solventados por los propios pacientes<\/strong>, con cargo a la entidad p\u00fablica o privada que<strong>\u00a0brinde dicha cobertura en su pa\u00eds de origen<\/strong>. Para ello, podr\u00e1 requerir la emisi\u00f3n del correspondiente comprobante de atenci\u00f3n y de pago, a fin de que el interesado pueda gestionar y\u00a0<strong>tramitar el reembolso ante la entidad correspondiente<\/strong>&#8220;, reza el decreto reglamentario N\u00ba 1.266.<\/p>\n\n\n\n<p>De esta manera, se impone el\u00a0<strong>pago por la atenci\u00f3n en hospitales<\/strong>, como sucede hace varios meses en Salta. El objetivo fue explicado en la presentaci\u00f3n del paquete de leyes que hicieron el gobernador Alfredo Cornejo y el ministro de Salud, Rodolfo Montero, en la Legislatura provincial.<\/p>\n\n\n\n<p>El ministro dijo que este proyecto, ahora ley, era oportuno dada la situaci\u00f3n actual, donde muchos hospitales p\u00fablicos enfrentan&nbsp;<strong>dificultades para recuperar costos<\/strong>.<\/p>\n\n\n\n<p>Adem\u00e1s, Montero enfatiz\u00f3 la necesidad de&nbsp;<strong>centralizar la facturaci\u00f3n y la negociaci\u00f3n con financiadores<\/strong>, as\u00ed como establecer un&nbsp;<strong>nomenclador provincial<\/strong>&nbsp;de prestaciones. Estas medidas ayudar\u00e1n a corregir desviaciones y mejorar el recupero de costos en el sistema de salud p\u00fablico, argument\u00f3 en su paso por la Casa de las Leyes.<\/p>\n\n\n\n<p>&#8220;Este nuevo organismo creado por la Ley N\u00b0 9535; y decreto reglamentario,&nbsp;<strong>unificar\u00e1 el sistema de cobro de las prestaciones<\/strong>&nbsp;que se brindan a pacientes con cobertura a trav\u00e9s de la emisi\u00f3n de un t\u00edtulo ejecutivo, a diferencia de la facturaci\u00f3n que se emiti\u00f3 hasta la actualidad. Con ello se simplificar\u00e1 el procedimiento y se reducir\u00e1n los plazos en caso de que se llegue a judicializar la deuda&#8221;, detall\u00f3 la diputada radical&nbsp;<strong>Elizabeth Crescitelli<\/strong>.<\/p>\n\n\n\n<p>&#8220;El objetivo principal es lograr la percepci\u00f3n, a trav\u00e9s de convenios previos y con ello evitar la dilaci\u00f3n en el proceso para<strong>\u00a0receptar los montos<\/strong>\u00a0que deben ser destinados a los pacientes que no tienen ninguna cobertura&#8221;, agreg\u00f3 la ex ministra de Salud.<\/p>\n\n\n\n<h2 class=\"wp-block-heading\"><strong>A qui\u00e9nes se les cobrar\u00e1 por la atenci\u00f3n m\u00e9dica<\/strong><\/h2>\n\n\n\n<p>Aquellos trabajadores de otros pa\u00edses que tengan un permiso para estar en Argentina y que no tengan domicilio en Mendoza,&nbsp;<strong>tambi\u00e9n se solicitar\u00e1 abonar por la atenci\u00f3n m\u00e9dica en los efectores p\u00fablicos<\/strong>.<\/p>\n\n\n\n<p>En el caso de aquellos que ya est\u00e1n con una residencia en Mendoza les corresponde&nbsp;<strong>la misma asistencia en salud<\/strong>, que cualquier otro argentino sin obra social.<\/p>\n\n\n\n<p>Por principio de la atenci\u00f3n m\u00e9dica en los hospitales p\u00fablicos, primero&nbsp;<strong>se asiste al paciente sea el caso de que se trate&nbsp;<\/strong>y luego el&nbsp;<strong>hospital emitir\u00e1 un resumen de las prestaciones y gastos realizados<\/strong>&nbsp;y lo remite al Reforsal, que ser\u00e1 el organismo encargado de emitir una factura definitiva con fuerza de t\u00edtulo ejecutivo para recuperar la percepci\u00f3n de los gastos en el menor tiempo posible.<\/p>\n\n\n\n<p>Por su parte, el presidente de la comisi\u00f3n de Salud en el Senado,\u00a0<strong>Abel Freidemberg<\/strong>, tambi\u00e9n hizo hincapi\u00e9 en lo novedoso del sistema: &#8220;Vamos a\u00a0<strong>mejorar la recaudaci\u00f3n<\/strong>\u00a0tres veces m\u00e1s que lo que se hac\u00eda hasta ahora&#8221;.<\/p>\n\n\n\n<p>Los datos publicados por la cartera sanitaria marcan que durante el 2023 el Ministerio de Salud&nbsp;<strong>recuper\u00f3 cerca de 4.800 millones<\/strong>&nbsp;de pesos a obras sociales por los servicios prestados. Y que mediante la creaci\u00f3n del Reforsal,&nbsp;<strong>la recaudaci\u00f3n se podr\u00eda triplicar<\/strong>&nbsp;superando los 14.400 millones de pesos.<\/p>\n\n\n\n<p>El m\u00e9dico recalc\u00f3 que esta acci\u00f3n es sumamente importante para el sistema. &#8220;Todos tenemos un derecho a la\u00a0<strong>salud<\/strong>, no se le niega a nadie la atenci\u00f3n y menos si es una urgencia, pero lo fundamental es que se puedan celebrar convenios con las obras sociales u entidades que puedan responder por los extranjeros en tr\u00e1nsito. De esta manera,\u00a0<strong>el turista contraer\u00e1 una deuda<\/strong>, como cualquier otra, y all\u00ed se originan los temas legales si no es solvente&#8221;.<\/p>\n\n\n\n<h2 class=\"wp-block-heading\"><strong>La incidencia del paciente extranjero en el sistema de salud mendocino<\/strong><\/h2>\n\n\n\n<p>Si bien no hay estad\u00edsticas oficiales&nbsp;<strong>se estima que al a\u00f1o 3.000 extranjeros se atienen en los hospitales de Mendoza sin costo<\/strong>. A trav\u00e9s de estos datos y con una investigaci\u00f3n previa, la diputada&nbsp;<strong>Mar\u00eda Eugenia De Marchi (UCR)<\/strong>&nbsp;present\u00f3 un proyecto que fue incluido en el Reforsal y que contempla el nuevo nomenclador.<\/p>\n\n\n\n<p>&#8220;Como parte del espacio que lidera&nbsp;<strong>Luis Petri<\/strong>&nbsp;presentamos una iniciativa que fue contemplada dentro del Reforsal, lo cual lo celebramos, pero surge de una fuerte preocupaci\u00f3n de que mientras extranjeros vienen a atenderse a la provincia,&nbsp;<strong>nuestros compatriotas tienen que pagar en el extranjero<\/strong>, cuando aqu\u00ed el servicio es gratis&#8221;.<\/p>\n\n\n\n<p>Y agreg\u00f3: &#8220;Por un sondeo propio porque no hay informaci\u00f3n, sabemos que en hospitales de Mendoza se atendieron hace algunos meses extranjeros con tuberculosis y que&nbsp;<strong>llegaban hasta con la indicaci\u00f3n m\u00e9dica<\/strong>. Insistimos en tiempos de crisis y con servicios colapsados se les debe cobrar&#8221;.<\/p>\n\n\n\n<h2 class=\"wp-block-heading\">Cu\u00e1nto cuesta atenderse en un hospital p\u00fablico para los extranjeros<\/h2>\n\n\n\n<p>El mi\u00e9rcoles pasado se dio a conocer el nuevo&nbsp;<strong>nomenclador unificado<\/strong>&nbsp;para todos los hospitales de la provincia y con valores actualizados.<\/p>\n\n\n\n<p>Seg\u00fan el detalle, una unidad asistencial equivale a $10.000 y por cada pr\u00e1ctica desde atenci\u00f3n en guardia o asistencia a pacientes cr\u00edticos en terapia intensiva tienen asignado un valor. Esto lo deber\u00e1n afrontar&nbsp;<strong>pacientes con obra social<\/strong>&nbsp;que se atienda en el efector p\u00fablico como los for\u00e1neos de paso en la provincia.<\/p>\n\n\n\n<p>De esta manera un extranjero en tr\u00e1nsito pagar\u00e1 por una&nbsp;<strong>atenci\u00f3n en la guardia $ 13.000<\/strong>, lo mismo deber\u00e1n afrontar las obras sociales por la asistencia a sus afiliados.<\/p>\n\n\n\n<p>Un d\u00eda de internaci\u00f3n de&nbsp;<strong>terapia intensiva<\/strong>, sin intervenci\u00f3n quir\u00fargica, ser\u00e1 de&nbsp;<strong>$ 400.000<\/strong>.<\/p>\n\n\n\n<p>Un parto natural rondar\u00e1 los&nbsp;<strong>$ 724.000<\/strong>. Una ces\u00e1rea, cerca de los&nbsp;<strong>$ 800.000<\/strong>.<\/p>\n\n\n\n<p>En el caso de<strong>&nbsp;ambulancia con m\u00e9dico<\/strong>&nbsp;(eventos deportivos, art\u00edsticos, etc). Aranceles por hora y por unidad, el monto asciende a $ 30.000.<\/p>\n\n\n\n<p>Por \u00faltimo, el\u00a0<strong>servicio de ambulancia<\/strong>\u00a0con m\u00e9dico para traslado, por viaje de ida y vuelta (hasta 30 km de recorrido) tiene un valor de\u00a0<strong>$ 100.000<\/strong>.<\/p>\n\n\n\n<p><strong>Fuente: www.diariouno.com.ar<\/strong><\/p>\n","protected":false},"excerpt":{"rendered":"<p>Mendoza se convierte en la segunda provincia del pa\u00eds en cobrar la atenci\u00f3n m\u00e9dica a\u00a0extranjeros en tr\u00e1nsito o turistas que se atiendan en hospitales p\u00fablicos,\u00a0remitiendo la factura al paciente que podr\u00e1 solicitar el reembolso en su pa\u00eds de origen. Desde julio rige el\u00a0Ente de Recuperaci\u00f3n de Fondos para el Fortalecimiento del Sistema de Salud de [&hellip;]<\/p>\n","protected":false},"author":2,"featured_media":8757,"comment_status":"open","ping_status":"open","sticky":false,"template":"","format":"standard","meta":[],"categories":[58],"tags":[],"_links":{"self":[{"href":"https:\/\/pasaenmendoza.com\/index.php?rest_route=\/wp\/v2\/posts\/8756"}],"collection":[{"href":"https:\/\/pasaenmendoza.com\/index.php?rest_route=\/wp\/v2\/posts"}],"about":[{"href":"https:\/\/pasaenmendoza.com\/index.php?rest_route=\/wp\/v2\/types\/post"}],"author":[{"embeddable":true,"href":"https:\/\/pasaenmendoza.com\/index.php?rest_route=\/wp\/v2\/users\/2"}],"replies":[{"embeddable":true,"href":"https:\/\/pasaenmendoza.com\/index.php?rest_route=%2Fwp%2Fv2%2Fcomments&post=8756"}],"version-history":[{"count":1,"href":"https:\/\/pasaenmendoza.com\/index.php?rest_route=\/wp\/v2\/posts\/8756\/revisions"}],"predecessor-version":[{"id":8758,"href":"https:\/\/pasaenmendoza.com\/index.php?rest_route=\/wp\/v2\/posts\/8756\/revisions\/8758"}],"wp:featuredmedia":[{"embeddable":true,"href":"https:\/\/pasaenmendoza.com\/index.php?rest_route=\/wp\/v2\/media\/8757"}],"wp:attachment":[{"href":"https:\/\/pasaenmendoza.com\/index.php?rest_route=%2Fwp%2Fv2%2Fmedia&parent=8756"}],"wp:term":[{"taxonomy":"category","embeddable":true,"href":"https:\/\/pasaenmendoza.com\/index.php?rest_route=%2Fwp%2Fv2%2Fcategories&post=8756"},{"taxonomy":"post_tag","embeddable":true,"href":"https:\/\/pasaenmendoza.com\/index.php?rest_route=%2Fwp%2Fv2%2Ftags&post=8756"}],"curies":[{"name":"wp","href":"https:\/\/api.w.org\/{rel}","templated":true}]}}