{"id":8759,"date":"2024-07-30T01:27:09","date_gmt":"2024-07-29T23:27:09","guid":{"rendered":"https:\/\/pasaenmendoza.com\/?p=8759"},"modified":"2024-07-30T01:27:11","modified_gmt":"2024-07-29T23:27:11","slug":"alerta-amarilla-por-viento-norte-que-zonas-de-mendoza-seran-afectadas","status":"publish","type":"post","link":"https:\/\/pasaenmendoza.com\/?p=8759","title":{"rendered":"Alerta amarilla por viento Norte: qu\u00e9 zonas de Mendoza ser\u00e1n afectadas"},"content":{"rendered":"\n<p>La\u00a0<strong>Direcci\u00f3n de Defensa Civil<\/strong>\u00a0adelant\u00f3 que<strong>\u00a0hay circulaci\u00f3n de viento Norte<\/strong>\u00a0en toda la provincia. El\u00a0<strong>Servicio Meteorol\u00f3gico Nacional<\/strong>\u00a0adelant\u00f3 un\u00a0<strong>alerta en nivel amarillo<\/strong>, en un d\u00eda que\u00a0estar\u00e1 nublado y fr\u00edo.<\/p>\n\n\n\n<p>El informe se\u00f1al\u00f3 que&nbsp;<mark>las r\u00e1fagas son de leves a moderadas<\/mark>.<\/p>\n\n\n\n<p>Hacia la tarde y noche, se sentir\u00e1 r\u00e1fagas moderadas en&nbsp;<mark>zona este de Las Heras, Lavalle, San Mart\u00edn, Santa Rosa, La Paz, General Alvear y zona baja de San Rafael<\/mark>.<\/p>\n\n\n\n<p>El SMN estableci\u00f3 el alerta amarilla porque&nbsp;<mark>las \u00e1reas ser\u00e1n afectadas por vientos del sector norte, con velocidades entre 50 y 65 kil\u00f3metros por hora, con r\u00e1fagas que pueden alcanzar los 90 kil\u00f3metros por hora.<\/mark><\/p>\n\n\n\n<p>El viento Norte es una prolongaci\u00f3n estival de los vientos alisios del NE y el anticicl\u00f3n del Atl\u00e1ntico Sur, y generan mayor humedad en el ambiente.<\/p>\n\n\n\n<p><strong>Fuente: www.elsol.com.ar<\/strong><\/p>\n","protected":false},"excerpt":{"rendered":"<p>La\u00a0Direcci\u00f3n de Defensa Civil\u00a0adelant\u00f3 que\u00a0hay circulaci\u00f3n de viento Norte\u00a0en toda la provincia. El\u00a0Servicio Meteorol\u00f3gico Nacional\u00a0adelant\u00f3 un\u00a0alerta en nivel amarillo, en un d\u00eda que\u00a0estar\u00e1 nublado y fr\u00edo. El informe se\u00f1al\u00f3 que&nbsp;las r\u00e1fagas son de leves a moderadas. Hacia la tarde y noche, se sentir\u00e1 r\u00e1fagas moderadas en&nbsp;zona este de Las Heras, Lavalle, San Mart\u00edn, Santa Rosa, [&hellip;]<\/p>\n","protected":false},"author":2,"featured_media":8760,"comment_status":"open","ping_status":"open","sticky":false,"template":"","format":"standard","meta":[],"categories":[52],"tags":[],"_links":{"self":[{"href":"https:\/\/pasaenmendoza.com\/index.php?rest_route=\/wp\/v2\/posts\/8759"}],"collection":[{"href":"https:\/\/pasaenmendoza.com\/index.php?rest_route=\/wp\/v2\/posts"}],"about":[{"href":"https:\/\/pasaenmendoza.com\/index.php?rest_route=\/wp\/v2\/types\/post"}],"author":[{"embeddable":true,"href":"https:\/\/pasaenmendoza.com\/index.php?rest_route=\/wp\/v2\/users\/2"}],"replies":[{"embeddable":true,"href":"https:\/\/pasaenmendoza.com\/index.php?rest_route=%2Fwp%2Fv2%2Fcomments&post=8759"}],"version-history":[{"count":1,"href":"https:\/\/pasaenmendoza.com\/index.php?rest_route=\/wp\/v2\/posts\/8759\/revisions"}],"predecessor-version":[{"id":8761,"href":"https:\/\/pasaenmendoza.com\/index.php?rest_route=\/wp\/v2\/posts\/8759\/revisions\/8761"}],"wp:featuredmedia":[{"embeddable":true,"href":"https:\/\/pasaenmendoza.com\/index.php?rest_route=\/wp\/v2\/media\/8760"}],"wp:attachment":[{"href":"https:\/\/pasaenmendoza.com\/index.php?rest_route=%2Fwp%2Fv2%2Fmedia&parent=8759"}],"wp:term":[{"taxonomy":"category","embeddable":true,"href":"https:\/\/pasaenmendoza.com\/index.php?rest_route=%2Fwp%2Fv2%2Fcategories&post=8759"},{"taxonomy":"post_tag","embeddable":true,"href":"https:\/\/pasaenmendoza.com\/index.php?rest_route=%2Fwp%2Fv2%2Ftags&post=8759"}],"curies":[{"name":"wp","href":"https:\/\/api.w.org\/{rel}","templated":true}]}}