{"id":8763,"date":"2024-07-31T01:14:12","date_gmt":"2024-07-30T23:14:12","guid":{"rendered":"https:\/\/pasaenmendoza.com\/?p=8763"},"modified":"2024-07-31T01:23:43","modified_gmt":"2024-07-30T23:23:43","slug":"ya-son-mas-de-12-200-los-docentes-inscriptos-para-las-jornadas-por-las-que-la-dge-pagara-40-000","status":"publish","type":"post","link":"https:\/\/pasaenmendoza.com\/?p=8763","title":{"rendered":"Ya son m\u00e1s de 12.200 los docentes inscriptos para las jornadas por las que la DGE pagar\u00e1 $40.000"},"content":{"rendered":"\n<p>Desde el pasado viernes, cuando la&nbsp;<strong>DGE<\/strong>&nbsp;habilit\u00f3 la inscripci\u00f3n para las&nbsp;<strong>jornadas docentes rentadas<\/strong>, ya se inscribieron&nbsp;<strong>12.270 trabajadores de la educaci\u00f3n.<\/strong>&nbsp;Hay que recordar que por cada capacitaci\u00f3n -una vez que se acredite que fue aprobada- se pagar\u00e1 al docente&nbsp;<strong>$40.000<\/strong>. En total hay<strong>&nbsp;40.000 cupos<\/strong>, y de hecho un mismo docente puede hacer m\u00e1s de una de esas jornadas que culminar\u00e1n en noviembre.<\/p>\n\n\n\n<p>Hay que recordar que esas jornadas rentadas, que son optativas y se har\u00e1n los s\u00e1bados, se financiar\u00e1n con el pago que la provincia recibi\u00f3 de la Naci\u00f3n, por la deuda que esta manten\u00eda con Mendoza por el pago del&nbsp;<strong>Fondo de Incentivo Docente (FONID).&nbsp;<\/strong>El primer pago fue de $2.900 millones.<\/p>\n\n\n\n<p>En total, la Direcci\u00f3n General de Escuelas abri\u00f3<strong>&nbsp;60 opciones de capacitaci\u00f3n rentada&nbsp;<\/strong>entre las que pueden optar los docentes mendocinos. Hay que decir que algunas de ellas est\u00e1n abiertas a todos los trabajadores de la educaci\u00f3n y otras son espec\u00edficas de cada nivel o modalidad.<\/p>\n\n\n\n<p>Por tanto, m\u00e1s all\u00e1 de la inscripci\u00f3n que hagan los mismos docentes en el sistema de Gesti\u00f3n Educativa de Mendoza (GEM), para tomar la<strong>&nbsp;jornada de capacitaci\u00f3n<\/strong>&nbsp;se deber\u00e1 esperar una validaci\u00f3n que har\u00e1 la misma DGE.<\/p>\n\n\n\n<p>&#8220;Hasta el 2 de agosto hay tiempo de&nbsp;<strong>inscribirse a las capacitaciones a trav\u00e9s del GEM<\/strong>, pero esas son postulaciones, porque ser\u00e1 el sistema quien validar\u00e1 si los docentes cumplen con los requisitos que exige cada capacitaci\u00f3n&#8221;, aclar\u00f3&nbsp;<strong>Claudia Ferrari<\/strong>, la subsecretaria de Educaci\u00f3n de la provincia.<\/p>\n\n\n\n<p>Pasa que en medio de la oferta hay capacitaciones que son exclusivas de un nivel educativo o de una modalidad, y para acreditarlas se exige que el docente aplique lo aprendido en una jornada frente al aula, por lo que no&nbsp;<strong>podr\u00edan inscribirse trabajadores de otros niveles o modalidades<\/strong>.<\/p>\n\n\n\n<p>&#8220;Nos importa mucho la aplicaci\u00f3n de lo que se brinde en las capacitaciones, por eso vamos a poner especial atenci\u00f3n en la&nbsp;<strong>validaci\u00f3n<\/strong>, es decir en c\u00f3mo esos contenidos llegan al alumno&#8221;, confirm\u00f3 la funcionaria. Tanto es as\u00ed que desde la DGE han decidido que esta vez los docentes cobren la mitad del pago de la jornada cuando la realicen y el 50% restante cuando acrediten la aplicaci\u00f3n, ya sea con un proyecto o con alg\u00fan<strong>&nbsp;trabajo en el aula<\/strong>.<\/p>\n\n\n\n<h2 class=\"wp-block-heading\">C\u00f3mo se van a pagar las capacitaciones<\/h2>\n\n\n\n<p>Seg\u00fan adelantaron desde la DGE, el pago de las jornadas rentadas se har\u00e1n por&nbsp;<strong>planillas suplementarias<\/strong>&nbsp;y no aparecer\u00e1n en el bono de sueldo.<\/p>\n\n\n\n<p>Explicaron que se har\u00e1 de esa manera&nbsp;<strong>para no retrasar el pago<\/strong>&nbsp;que recibir\u00e1n los docentes. &#8220;Pasa que si la capacitaci\u00f3n comienza por ejemplo el 9 de agosto y la certificaci\u00f3n que se debe hacer 15 d\u00edas m\u00e1s tarde se hace el 24 de ese mes, si se pagara por bono el docente deber\u00eda esperar un mes m\u00e1s para cobrarlo porque las liquidaciones se cortan el 20 de cada mes. Por eso el pago de las jornadas se har\u00e1 por planillas suplementarias y se liquidar\u00e1n el mismo d\u00eda en que se carguen los datos de asistencia a la jornada o de acreditaci\u00f3n&#8221;, confirm\u00f3 Ferrari.<\/p>\n\n\n\n<h2 class=\"wp-block-heading\">Abren un nuevo concurso de cargos jer\u00e1rquicos<\/h2>\n\n\n\n<p>Desde la DGE tambi\u00e9n recordaron que hasta ese mi\u00e9rcoles 31 de julio est\u00e1n abiertas las inscripciones para concursar por unos&nbsp;<strong>1.100 cargos jer\u00e1rquicos<\/strong>; esto es, cargos de directores, vicedirectores y regentes.<\/p>\n\n\n\n<p>Hasta este lunes, para concursar por esos cargos se hab\u00edan inscripto 5.327 aspirantes, un n\u00famero que supera en un 48% m\u00e1s a los m\u00e1s de 3500 que se inscribieron en el anterior&nbsp;<strong>concurso&nbsp;<\/strong>que se hizo entre el 2017 y 2018.<\/p>\n\n\n\n<p>Esos aspirantes que queden inscriptos deber\u00e1n sortear primero la instancia de examen que se concretar\u00e1 el 12 de febrero del pr\u00f3ximo a\u00f1o y a partir de all\u00ed preparar la&nbsp;<strong>propuesta de mejora institucional&nbsp;<\/strong>que llevar\u00e1n a la DGE. Esa propuesta que ser\u00e1 evaluada por un jurado, m\u00e1s tarde se deber\u00e1 defender en un examen oral.<\/p>\n\n\n\n<p>Reci\u00e9n los que superen esas etapas podr\u00edan acceder a esos&nbsp;<strong>cargos para el a\u00f1o lectivo 2026<\/strong>.<\/p>\n\n\n\n<p><strong>Fuente: www.diariouno.com.ar<\/strong><\/p>\n","protected":false},"excerpt":{"rendered":"<p>Desde el pasado viernes, cuando la&nbsp;DGE&nbsp;habilit\u00f3 la inscripci\u00f3n para las&nbsp;jornadas docentes rentadas, ya se inscribieron&nbsp;12.270 trabajadores de la educaci\u00f3n.&nbsp;Hay que recordar que por cada capacitaci\u00f3n -una vez que se acredite que fue aprobada- se pagar\u00e1 al docente&nbsp;$40.000. En total hay&nbsp;40.000 cupos, y de hecho un mismo docente puede hacer m\u00e1s de una de esas jornadas [&hellip;]<\/p>\n","protected":false},"author":2,"featured_media":8764,"comment_status":"open","ping_status":"open","sticky":false,"template":"","format":"standard","meta":[],"categories":[56],"tags":[],"_links":{"self":[{"href":"https:\/\/pasaenmendoza.com\/index.php?rest_route=\/wp\/v2\/posts\/8763"}],"collection":[{"href":"https:\/\/pasaenmendoza.com\/index.php?rest_route=\/wp\/v2\/posts"}],"about":[{"href":"https:\/\/pasaenmendoza.com\/index.php?rest_route=\/wp\/v2\/types\/post"}],"author":[{"embeddable":true,"href":"https:\/\/pasaenmendoza.com\/index.php?rest_route=\/wp\/v2\/users\/2"}],"replies":[{"embeddable":true,"href":"https:\/\/pasaenmendoza.com\/index.php?rest_route=%2Fwp%2Fv2%2Fcomments&post=8763"}],"version-history":[{"count":2,"href":"https:\/\/pasaenmendoza.com\/index.php?rest_route=\/wp\/v2\/posts\/8763\/revisions"}],"predecessor-version":[{"id":8771,"href":"https:\/\/pasaenmendoza.com\/index.php?rest_route=\/wp\/v2\/posts\/8763\/revisions\/8771"}],"wp:featuredmedia":[{"embeddable":true,"href":"https:\/\/pasaenmendoza.com\/index.php?rest_route=\/wp\/v2\/media\/8764"}],"wp:attachment":[{"href":"https:\/\/pasaenmendoza.com\/index.php?rest_route=%2Fwp%2Fv2%2Fmedia&parent=8763"}],"wp:term":[{"taxonomy":"category","embeddable":true,"href":"https:\/\/pasaenmendoza.com\/index.php?rest_route=%2Fwp%2Fv2%2Fcategories&post=8763"},{"taxonomy":"post_tag","embeddable":true,"href":"https:\/\/pasaenmendoza.com\/index.php?rest_route=%2Fwp%2Fv2%2Ftags&post=8763"}],"curies":[{"name":"wp","href":"https:\/\/api.w.org\/{rel}","templated":true}]}}