{"id":8766,"date":"2024-07-31T01:22:51","date_gmt":"2024-07-30T23:22:51","guid":{"rendered":"https:\/\/pasaenmendoza.com\/?p=8766"},"modified":"2024-07-31T01:22:53","modified_gmt":"2024-07-30T23:22:53","slug":"agosto-llega-con-aumentos-de-telefonia-agua-luz-salud-y-alquileres-para-los-mendocinos","status":"publish","type":"post","link":"https:\/\/pasaenmendoza.com\/?p=8766","title":{"rendered":"Agosto llega con aumentos de telefon\u00eda, agua, luz, salud y alquileres para los mendocinos"},"content":{"rendered":"\n<p>Los mendocinos afrontar\u00e1n en agosto\u00a0<strong>una serie de incrementos<\/strong>\u00a0en diversos servicios y costos para las familias, en lo que ser\u00e1 un nuevo cap\u00edtulo de la extensa historia de la\u00a0<strong>inflaci\u00f3n en la Argentina<\/strong>.<\/p>\n\n\n\n<p>Los\u00a0<strong>alquileres<\/strong>\u00a0siguen estando entre las principales preocupaciones. Quienes hayan firmado contrato con la legislaci\u00f3n previa, de hecho, deber\u00e1n afrontar ajustes de acuerdo al \u00cdndice de Contratos de Locaci\u00f3n, con subas de hasta el\u00a0<strong>247%<\/strong>\u00a0respecto a lo que ven\u00edan pagando.<\/p>\n\n\n\n<p>Tras la desregulaci\u00f3n del mercado de las&nbsp;<strong>telecomunicaciones<\/strong>&nbsp;que decret\u00f3 el presidente Javier Milei, hay empresas de servicios telef\u00f3nicos que ya confirmaron&nbsp;<strong>subas por encima del 5%<\/strong>, entre ellas Personal y Movistar.<\/p>\n\n\n\n<p>El&nbsp;<strong>Ente Provincial Regulador El\u00e9ctrico<\/strong>&nbsp;autoriz\u00f3 un ajuste del 12% en concepto de VAD (Valor Agregado de Distribuci\u00f3n) en julio, de forma que por ese lado tambi\u00e9n vendr\u00e1 un&nbsp;<strong>cambio para los bolsillos<\/strong>.<\/p>\n\n\n\n<p>Por su parte, el\u00a0<strong>agua\u00a0<\/strong>subir\u00e1 este jueves un\u00a0<strong>21,05%<\/strong>, y volver\u00e1 a escalar en la misma proporci\u00f3n en octubre; en tanto que la\u00a0<strong>medicina prepaga<\/strong>\u00a0oscilar\u00e1 entre el 4 y el 8%, de acuerdo a fuentes del sector.<\/p>\n\n\n\n<p>A ello se suma que el&nbsp;<strong>C\u00edrculo M\u00e9dico de Mendoza<\/strong>&nbsp;y la&nbsp;<strong>Federaci\u00f3n M\u00e9dica de Mendoza<\/strong>&nbsp;anunciaron un aumento del 5% en el precio de las&nbsp;<strong>consultas<\/strong>, que pasar\u00e1n a costar $ 20.000 a partir de agosto y $27.500 en el caso de las&nbsp;<strong>consultas psiqui\u00e1tricas<\/strong>.<\/p>\n\n\n\n<p>El sector m\u00e9dico viene apostando por esta modalidad de subas desde septiembre del a\u00f1o pasado -cuando la tarifa era de $6.000-. Con este ajuste, en lo que va del a\u00f1o -es decir, de enero a agosto- ya acumula<strong>&nbsp;un aumento del 100% en el valor de la consulta<\/strong>.<\/p>\n\n\n\n<p>Todo ello influido, adem\u00e1s, por los\u00a0<strong>combustibles<\/strong>. La nafta\u00a0<strong>pas\u00f3 los $1.000 pesos<\/strong>\u00a0por litro y conjeturan que en agosto podr\u00edan venir trepadas del 3% o incluso m\u00e1s.<\/p>\n\n\n\n<p><strong>Fuente: www.diariouno.com.ar<\/strong><\/p>\n","protected":false},"excerpt":{"rendered":"<p>Los mendocinos afrontar\u00e1n en agosto\u00a0una serie de incrementos\u00a0en diversos servicios y costos para las familias, en lo que ser\u00e1 un nuevo cap\u00edtulo de la extensa historia de la\u00a0inflaci\u00f3n en la Argentina. Los\u00a0alquileres\u00a0siguen estando entre las principales preocupaciones. Quienes hayan firmado contrato con la legislaci\u00f3n previa, de hecho, deber\u00e1n afrontar ajustes de acuerdo al \u00cdndice de [&hellip;]<\/p>\n","protected":false},"author":2,"featured_media":8768,"comment_status":"open","ping_status":"open","sticky":false,"template":"","format":"standard","meta":[],"categories":[79],"tags":[],"_links":{"self":[{"href":"https:\/\/pasaenmendoza.com\/index.php?rest_route=\/wp\/v2\/posts\/8766"}],"collection":[{"href":"https:\/\/pasaenmendoza.com\/index.php?rest_route=\/wp\/v2\/posts"}],"about":[{"href":"https:\/\/pasaenmendoza.com\/index.php?rest_route=\/wp\/v2\/types\/post"}],"author":[{"embeddable":true,"href":"https:\/\/pasaenmendoza.com\/index.php?rest_route=\/wp\/v2\/users\/2"}],"replies":[{"embeddable":true,"href":"https:\/\/pasaenmendoza.com\/index.php?rest_route=%2Fwp%2Fv2%2Fcomments&post=8766"}],"version-history":[{"count":1,"href":"https:\/\/pasaenmendoza.com\/index.php?rest_route=\/wp\/v2\/posts\/8766\/revisions"}],"predecessor-version":[{"id":8769,"href":"https:\/\/pasaenmendoza.com\/index.php?rest_route=\/wp\/v2\/posts\/8766\/revisions\/8769"}],"wp:featuredmedia":[{"embeddable":true,"href":"https:\/\/pasaenmendoza.com\/index.php?rest_route=\/wp\/v2\/media\/8768"}],"wp:attachment":[{"href":"https:\/\/pasaenmendoza.com\/index.php?rest_route=%2Fwp%2Fv2%2Fmedia&parent=8766"}],"wp:term":[{"taxonomy":"category","embeddable":true,"href":"https:\/\/pasaenmendoza.com\/index.php?rest_route=%2Fwp%2Fv2%2Fcategories&post=8766"},{"taxonomy":"post_tag","embeddable":true,"href":"https:\/\/pasaenmendoza.com\/index.php?rest_route=%2Fwp%2Fv2%2Ftags&post=8766"}],"curies":[{"name":"wp","href":"https:\/\/api.w.org\/{rel}","templated":true}]}}