{"id":8772,"date":"2024-07-31T01:27:29","date_gmt":"2024-07-30T23:27:29","guid":{"rendered":"https:\/\/pasaenmendoza.com\/?p=8772"},"modified":"2024-07-31T01:27:30","modified_gmt":"2024-07-30T23:27:30","slug":"los-empleados-de-vinas-y-bodegas-acordaron-el-29-de-aumento-hasta-septiembre","status":"publish","type":"post","link":"https:\/\/pasaenmendoza.com\/?p=8772","title":{"rendered":"Los empleados de vi\u00f1as y bodegas acordaron el 29% de aumento hasta septiembre"},"content":{"rendered":"\n<p>La\u00a0<strong>Federaci\u00f3n de Obreros y Empleados Vitivin\u00edcolas y Afines (FOEVA)<\/strong>\u00a0acord\u00f3 con empresarios el 29% de\u00a0<strong>aumento\u00a0<\/strong>en paritarias para trabajadores de vi\u00f1a y de bodega. Ese porcentaje abarca de junio a septiembre y ser\u00e1 pagado en cuatro cuotas.<\/p>\n\n\n\n<p>Seg\u00fan indicaron desde el sindicato, el incremento correspondiente a&nbsp;<strong>junio se pagar\u00e1 en dos veces<\/strong>&nbsp;con los salarios de julio y agosto.<\/p>\n\n\n\n<p>Con esta suba, el sueldo de un\u00a0<strong>empleado de bodega<\/strong>\u00a0pasar\u00e1 a ser de\u00a0<strong>$669.196,53<\/strong>\u00a0en septiembre.<\/p>\n\n\n\n<h2 class=\"wp-block-heading\">A cu\u00e1nto se ir\u00e1n los salarios de vi\u00f1ateros y empleados de bodega<\/h2>\n\n\n\n<p>El secretario gremial Juan Carlos Aguirre confirm\u00f3 la&nbsp;<strong>suba del 29% al b\u00e1sico<\/strong>&nbsp;en cuatro cuotas. La de junio quedar\u00e1 incluida en las de julio y agosto.<\/p>\n\n\n\n<p>El \u00faltimo incremento acordado hab\u00eda sido del 110% aplicable a abril y mayo.<\/p>\n\n\n\n<p>Con esa suba, el salario del empleado de vi\u00f1a qued\u00f3 desde mayo en $480.025 y el de bodega, en $518.757.<\/p>\n\n\n\n<p>Despu\u00e9s de varias semanas de dilaciones, finalmente este lunes el sindicato acord\u00f3 con los empresarios el nuevo aumento que dejar\u00e1 a los salarios en&nbsp;<strong>septiembre en $619.232,25 para los trabajadores de vi\u00f1a<\/strong>&nbsp;y en&nbsp;<strong>$669.196,53, para los de la rama bodega<\/strong>.<\/p>\n\n\n\n<p>Los empleados ven\u00edan reclamando desde junio, no solo la reapertura de la paritaria sino tambi\u00e9n el cese de las dilaciones. &#8220;<strong>Los obreros de bodega y vi\u00f1a la estamos pasando mal\u00a0<\/strong>con un sueldo miserable, que est\u00e1 por debajo de la canasta b\u00e1sica&#8221;, mientras ven\u00edan que las reuniones se postergaban.<\/p>\n\n\n\n<p>&#8220;A principios de junio deber\u00eda haber estado todo acordado&#8221;, reclamaban.<\/p>\n\n\n\n<p><strong>Fuente: www.diariouno.com.ar<\/strong><\/p>\n","protected":false},"excerpt":{"rendered":"<p>La\u00a0Federaci\u00f3n de Obreros y Empleados Vitivin\u00edcolas y Afines (FOEVA)\u00a0acord\u00f3 con empresarios el 29% de\u00a0aumento\u00a0en paritarias para trabajadores de vi\u00f1a y de bodega. Ese porcentaje abarca de junio a septiembre y ser\u00e1 pagado en cuatro cuotas. Seg\u00fan indicaron desde el sindicato, el incremento correspondiente a&nbsp;junio se pagar\u00e1 en dos veces&nbsp;con los salarios de julio y agosto. [&hellip;]<\/p>\n","protected":false},"author":2,"featured_media":8773,"comment_status":"open","ping_status":"open","sticky":false,"template":"","format":"standard","meta":[],"categories":[55],"tags":[],"_links":{"self":[{"href":"https:\/\/pasaenmendoza.com\/index.php?rest_route=\/wp\/v2\/posts\/8772"}],"collection":[{"href":"https:\/\/pasaenmendoza.com\/index.php?rest_route=\/wp\/v2\/posts"}],"about":[{"href":"https:\/\/pasaenmendoza.com\/index.php?rest_route=\/wp\/v2\/types\/post"}],"author":[{"embeddable":true,"href":"https:\/\/pasaenmendoza.com\/index.php?rest_route=\/wp\/v2\/users\/2"}],"replies":[{"embeddable":true,"href":"https:\/\/pasaenmendoza.com\/index.php?rest_route=%2Fwp%2Fv2%2Fcomments&post=8772"}],"version-history":[{"count":1,"href":"https:\/\/pasaenmendoza.com\/index.php?rest_route=\/wp\/v2\/posts\/8772\/revisions"}],"predecessor-version":[{"id":8774,"href":"https:\/\/pasaenmendoza.com\/index.php?rest_route=\/wp\/v2\/posts\/8772\/revisions\/8774"}],"wp:featuredmedia":[{"embeddable":true,"href":"https:\/\/pasaenmendoza.com\/index.php?rest_route=\/wp\/v2\/media\/8773"}],"wp:attachment":[{"href":"https:\/\/pasaenmendoza.com\/index.php?rest_route=%2Fwp%2Fv2%2Fmedia&parent=8772"}],"wp:term":[{"taxonomy":"category","embeddable":true,"href":"https:\/\/pasaenmendoza.com\/index.php?rest_route=%2Fwp%2Fv2%2Fcategories&post=8772"},{"taxonomy":"post_tag","embeddable":true,"href":"https:\/\/pasaenmendoza.com\/index.php?rest_route=%2Fwp%2Fv2%2Ftags&post=8772"}],"curies":[{"name":"wp","href":"https:\/\/api.w.org\/{rel}","templated":true}]}}