{"id":8790,"date":"2024-08-01T21:05:32","date_gmt":"2024-08-01T19:05:32","guid":{"rendered":"https:\/\/pasaenmendoza.com\/?p=8790"},"modified":"2024-08-01T21:05:33","modified_gmt":"2024-08-01T19:05:33","slug":"viento-zonda-en-mendoza-federico-norte-anticipo-una-altisima-probabilidad-que-baje-al-llano","status":"publish","type":"post","link":"https:\/\/pasaenmendoza.com\/?p=8790","title":{"rendered":"Viento Zonda en Mendoza: Federico Norte anticip\u00f3 una &#8220;alt\u00edsima probabilidad&#8221; que baje al llano"},"content":{"rendered":"\n<p>El pron\u00f3stico del tiempo en Mendoza anticip\u00f3 que el\u00a0<strong>viento Zonda\u00a0<\/strong>soplar\u00e1 desde la tarde o noche de este jueves y se mantendr\u00e1 hasta la ma\u00f1ana del viernes. Las\u00a0<strong>probabilidades<\/strong>\u00a0que esto ocurra rondan entre el<strong>\u00a080 y 90%<\/strong>\u00a0seg\u00fan los diferentes modelos meteorol\u00f3gicos.<\/p>\n\n\n\n<p>El doctor en meteorolog\u00eda<strong>\u00a0Federico Norte<\/strong>\u00a0explic\u00f3 este mediod\u00eda: &#8220;Todos los modelos meteorol\u00f3gicos que consulto coinciden en que\u00a0<strong>desde la tarde de este jueves\u00a0<\/strong>y<strong>\u00a0la madrugada del viernes el viento Zonda\u00a0<\/strong>desciende al llano&#8221;.<\/p>\n\n\n\n<p>Detall\u00f3 que &#8220;las probabilidades que esto ocurra&nbsp;<strong>son entre 80 y 90%<\/strong>, pero ser\u00eda un&nbsp;<strong>viento Zonda<\/strong>&nbsp;nocturno y de madrugada que se extender\u00eda un poco en la ma\u00f1ana del viernes&#8221;.<\/p>\n\n\n\n<p>&#8220;La presi\u00f3n atmosf\u00e9rica va en descenso r\u00e1pido, se\u00f1al de lo que va a pasar con una&nbsp;<strong>alt\u00edsima probabilidad que el viento Zonda<\/strong>&nbsp;sople en nuestra provincia. Adem\u00e1s, eso est\u00e1 asociado a&nbsp;<strong>nevadas en la cordillera<\/strong>&#8220;, agreg\u00f3 el especialista.<\/p>\n\n\n\n<p>Norte se\u00f1al\u00f3 que a media ma\u00f1ana del viernes &#8220;el viento cambiar\u00e1 en algunos sectores del llano hacia el Sur porque va a<strong>&nbsp;ingresar un sistema frontal<\/strong>&#8221; que har\u00e1 bajar las temperaturas.<\/p>\n\n\n\n<h2 class=\"wp-block-heading\">Suspensi\u00f3n de clases por viento Zonda<\/h2>\n\n\n\n<p>La Direcci\u00f3n General de Escuelas&nbsp;<strong>suspendi\u00f3 las clases para todos los niveles en el turno tarde&nbsp;<\/strong>en varios distritos de&nbsp;<strong>Luj\u00e1n y Tupungato.&nbsp;<\/strong>Lo mismo hab\u00eda ocurrido con el turno ma\u00f1ana.<\/p>\n\n\n\n<p>Los colegios afectados por la medida de la DGE est\u00e1n ubicados de las zonas de Cord\u00f3n del Plata, Gualtallary, Santa Clara, El Zampalito, La Carrera, Cacheuta, Potrerillos, Las Vegas y El Salto por\u00a0<strong>viento Zonda<\/strong>. En la ma\u00f1ana ya est\u00e1n suspendidas. En el resto de la provincia las actividades escolares ser\u00e1n con\u00a0<strong>total normalidad.<\/strong><\/p>\n\n\n\n<p>Desde el \u00f3rgano educativo indicaron que la decisi\u00f3n la tomaron debido a los pron\u00f3sticos que confirman la presencia de&nbsp;<strong>viento Zonda&nbsp;<\/strong>para esas zonas, lo que puede producir ca\u00edda de ramas, \u00e1rboles y voladuras de techos y chapas.<\/p>\n\n\n\n<p>En esas zonas afectadas por el\u00a0<strong>viento Zonda<\/strong>, aseguraron que la actividad escolar deber\u00e1 ser de\u00a0<strong>manera virtual<\/strong>\u00a0a trav\u00e9s de la plataforma Escuela Digital Mendoza.<\/p>\n\n\n\n<p><strong>Fuente: www.diariouno.com.ar<\/strong><\/p>\n","protected":false},"excerpt":{"rendered":"<p>El pron\u00f3stico del tiempo en Mendoza anticip\u00f3 que el\u00a0viento Zonda\u00a0soplar\u00e1 desde la tarde o noche de este jueves y se mantendr\u00e1 hasta la ma\u00f1ana del viernes. Las\u00a0probabilidades\u00a0que esto ocurra rondan entre el\u00a080 y 90%\u00a0seg\u00fan los diferentes modelos meteorol\u00f3gicos. El doctor en meteorolog\u00eda\u00a0Federico Norte\u00a0explic\u00f3 este mediod\u00eda: &#8220;Todos los modelos meteorol\u00f3gicos que consulto coinciden en que\u00a0desde la [&hellip;]<\/p>\n","protected":false},"author":2,"featured_media":8791,"comment_status":"open","ping_status":"open","sticky":false,"template":"","format":"standard","meta":[],"categories":[52],"tags":[],"_links":{"self":[{"href":"https:\/\/pasaenmendoza.com\/index.php?rest_route=\/wp\/v2\/posts\/8790"}],"collection":[{"href":"https:\/\/pasaenmendoza.com\/index.php?rest_route=\/wp\/v2\/posts"}],"about":[{"href":"https:\/\/pasaenmendoza.com\/index.php?rest_route=\/wp\/v2\/types\/post"}],"author":[{"embeddable":true,"href":"https:\/\/pasaenmendoza.com\/index.php?rest_route=\/wp\/v2\/users\/2"}],"replies":[{"embeddable":true,"href":"https:\/\/pasaenmendoza.com\/index.php?rest_route=%2Fwp%2Fv2%2Fcomments&post=8790"}],"version-history":[{"count":1,"href":"https:\/\/pasaenmendoza.com\/index.php?rest_route=\/wp\/v2\/posts\/8790\/revisions"}],"predecessor-version":[{"id":8792,"href":"https:\/\/pasaenmendoza.com\/index.php?rest_route=\/wp\/v2\/posts\/8790\/revisions\/8792"}],"wp:featuredmedia":[{"embeddable":true,"href":"https:\/\/pasaenmendoza.com\/index.php?rest_route=\/wp\/v2\/media\/8791"}],"wp:attachment":[{"href":"https:\/\/pasaenmendoza.com\/index.php?rest_route=%2Fwp%2Fv2%2Fmedia&parent=8790"}],"wp:term":[{"taxonomy":"category","embeddable":true,"href":"https:\/\/pasaenmendoza.com\/index.php?rest_route=%2Fwp%2Fv2%2Fcategories&post=8790"},{"taxonomy":"post_tag","embeddable":true,"href":"https:\/\/pasaenmendoza.com\/index.php?rest_route=%2Fwp%2Fv2%2Ftags&post=8790"}],"curies":[{"name":"wp","href":"https:\/\/api.w.org\/{rel}","templated":true}]}}