{"id":8793,"date":"2024-08-01T21:11:36","date_gmt":"2024-08-01T19:11:36","guid":{"rendered":"https:\/\/pasaenmendoza.com\/?p=8793"},"modified":"2024-08-01T21:11:38","modified_gmt":"2024-08-01T19:11:38","slug":"cornejo-se-reunio-con-francos-a-agenda-abierta-pero-con-la-mira-puesta-en-obras-viales-nacionales","status":"publish","type":"post","link":"https:\/\/pasaenmendoza.com\/?p=8793","title":{"rendered":"Cornejo se reuni\u00f3 con Francos a &#8220;agenda abierta&#8221; pero con la mira puesta en obras viales nacionales"},"content":{"rendered":"\n<p><strong>Alfredo Cornejo se reuni\u00f3 con el jefe de Gabinete Guillermo Francos<\/strong>\u00a0en una cumbre de la que tambi\u00e9n particip\u00f3 el resto de los gobernadores de Juntos por el Cambio. Es la primera vez que se vieron las caras, luego de que tanto el mendocino, como sus pares respaldaran con sus legisladores la aprobaci\u00f3n de la Ley Bases y el paquete fiscal. Un d\u00eda antes, el\u00a0mandatario local se reuni\u00f3 con el embajador de Estados Unidos, Marc Stanley\u00a0para ampliar el flujo comercial y las inversiones con ese pa\u00eds.<\/p>\n\n\n\n<p><strong>&#8220;Fue una reuni\u00f3n a agenda abierta y m\u00e1s bien pol\u00edtica&#8221;<\/strong>\u00a0aportaron escuetamente desde el entorno del mandatario mendocino, pero se supo luego que en el mano a mano,\u00a0<strong>Cornejo busc\u00f3 saber c\u00f3mo la Naci\u00f3n va a avanzar con las grandes obras inconclusas en la provincia<\/strong>. Puntualmente con la Variante Palmira -que adem\u00e1s es la m\u00e1s avanzada-, la doble v\u00eda a San Juan, y los postergados puentes de la ruta 40, que ya acumulan entre 3 y 4 a\u00f1os esperando ser arreglados.<\/p>\n\n\n\n<p>Hay que recordar que el 7 de junio pasado&nbsp;<strong>Cornejo y Francos firmaron un convenio para el traspaso y la colaboraci\u00f3n entre Naci\u00f3n y provincia en materia de obras viales, de saneamiento y de expansi\u00f3n de la red de agua potable y de vivienda<\/strong>.<\/p>\n\n\n\n<p>A su vez el mendocino tambi\u00e9n pudo mostrar que cumple con los lineamientos que marc\u00f3 la Naci\u00f3n y que el R\u00e9gimen de Incentivo a las Grandes Inversiones -el RIGI- ya logr\u00f3 media sanci\u00f3n en la C\u00e1mara de Diputados mendocina y que se encamina a ser refrendado tambi\u00e9n en Senadores.<\/p>\n\n\n\n<p>Adem\u00e1s de\u00a0<strong>Alfredo Cornejo<\/strong>\u00a0llegaron a Casa Rosada tambi\u00e9n<strong>\u00a0Leandro Zdero<\/strong>\u00a0(Chaco),<strong>\u00a0Ignacio Torres<\/strong>\u00a0(Chubut),\u00a0<strong>Gustavo Vald\u00e9s<\/strong>\u00a0(Corrientes),\u00a0<strong>Rogelio Frigerio\u00a0<\/strong>(Entre R\u00edos),<strong>\u00a0Carlos Sadir<\/strong>\u00a0(Jujuy),\u00a0<strong>Marcelo Orrego\u00a0<\/strong>(San Juan),\u00a0<strong>Claudio Poggi\u00a0<\/strong>(San Luis),\u00a0<strong>Maximiliano Pullaro\u00a0<\/strong>(Santa Fe) y el jefe de Gobierno porte\u00f1o,\u00a0<strong>Jorge Macri.<\/strong><\/p>\n\n\n\n<h2 class=\"wp-block-heading\"><strong>Una sesi\u00f3n en la que ser\u00e1n clave los dialoguistas<\/strong><\/h2>\n\n\n\n<p>La reuni\u00f3n con los gobernadores dialoguistas de Juntos por el Cambio, tambi\u00e9n se dio una semana antes de una sesi\u00f3n clave en la C\u00e1mara de Diputados, en la que el Gobierno puso muchas expectativas.<\/p>\n\n\n\n<p>Es que\u00a0el pr\u00f3ximo 7 de agosto, la c\u00e1mara baja sesionar\u00e1 para tratar el paquete de leyes de reformas en Seguridad que impulsa la misma ministra Patricia Bullrich, entre las que resalta la ley antimafias y la baja de la edad de imputabilidad que el oficialismo pretende llevar a 13 a\u00f1os.<\/p>\n\n\n\n<p>Para poder avanzar con ese paquete de leyes, el oficialismo si o s\u00ed necesitar\u00e1 del aval de los bloques m\u00e1s cercanos, y all\u00ed el volumen de diputados que responden a los gobernadores ser\u00e1 clave.<\/p>\n\n\n\n<p>Es m\u00e1s, es muy probable tambi\u00e9n que en esa sesi\u00f3n Uni\u00f3n por la Patria presione para crear una comisi\u00f3n investigadora que pueda revelar c\u00f3mo se gest\u00f3 y qu\u00e9 autoridades estuvieron al tanto de la visita que 6 diputados de La Libertad Avanza hicieron a genocidas condenados en la c\u00e1rcel de Ezeiza.<\/p>\n\n\n\n<p>Entre esos legisladores estuvo la mendocina Lourdes Arrieta, quien aparentemente acorralada por las versiones de que podr\u00eda recibir alguna sanci\u00f3n, sali\u00f3 a decir que se pondr\u00e1 a disposici\u00f3n de esa comisi\u00f3n si es que se crea.<\/p>\n\n\n\n<p><strong>Fuente: www.diariouno.com.ar<\/strong><\/p>\n\n\n\n<p><a rel=\"noreferrer noopener\" href=\"https:\/\/www.facebook.com\/dialog\/feed?app_id=161316767303985&amp;link=https%3A%2F%2Fwww.diariouno.com.ar%2Fpolitica%2Fcornejo-se-reune-francos-agenda-abierta-pero-la-mira-puesta-obras-viales-nacionales-n1339723&amp;name=Cornejo+se+reuni%C3%B3+con+Francos+a+%22agenda+abierta%22+pero+con+la+mira+puesta+en+obras+viales+nacionales&amp;caption=Alfredo+Cornejo&amp;description=En+la+lista+de+las+obras+nacionales+pendientes+en+Mendoza+figuran+la+Variante+Palmira%2C+la+doble+v%C3%ADa+a+San+Juan+y+los+puentes+de+la+ruta+40&amp;redirect_uri=https%3A%2F%2Fwww.diariouno.com.ar%2Fpolitica%2Fcornejo-se-reune-francos-agenda-abierta-pero-la-mira-puesta-obras-viales-nacionales-n1339723\" target=\"_blank\"><\/a><\/p>\n\n\n\n<p><a rel=\"noreferrer noopener\" href=\"https:\/\/twitter.com\/intent\/tweet?url=https%3A%2F%2Fwww.diariouno.com.ar%2Fc1339723&amp;related=diariouno&amp;text=Cornejo+se+reuni%C3%B3+con+Francos+a+%22agenda+abierta%22+pero+con+la+mira+puesta+en+obras+viales+nacionales&amp;via=diariouno\" target=\"_blank\"><\/a><\/p>\n\n\n\n<p><a href=\"mailto:?body=https%3A%2F%2Fwww.diariouno.com.ar%2Fpolitica%2Fcornejo-se-reune-francos-agenda-abierta-pero-la-mira-puesta-obras-viales-nacionales-n1339723&amp;subject=%E2%80%9CCornejo%20se%20reuni%C3%B3%20con%20Francos%20a%20%22agenda%20abierta%22%20pero%20con%20la%20mira%20puesta%20en%20obras%20viales%20nacionales%E2%80%9D\"><\/a><\/p>\n\n\n\n<p><a rel=\"noreferrer noopener\" href=\"https:\/\/api.whatsapp.com\/send?text=%E2%80%9CCornejo%20se%20reuni%C3%B3%20con%20Francos%20a%20%22agenda%20abierta%22%20pero%20con%20la%20mira%20puesta%20en%20obras%20viales%20nacionales%E2%80%9D%20https%3A%2F%2Fwww.diariouno.com.ar%2Fpolitica%2Fcornejo-se-reune-francos-agenda-abierta-pero-la-mira-puesta-obras-viales-nacionales-n1339723\" target=\"_blank\"><\/a><\/p>\n\n\n\n<p><a rel=\"noreferrer noopener\" href=\"http:\/\/www.linkedin.com\/shareArticle?mini=true&amp;url=https%3A%2F%2Fwww.diariouno.com.ar%2Fpolitica%2Fcornejo-se-reune-francos-agenda-abierta-pero-la-mira-puesta-obras-viales-nacionales-n1339723\" target=\"_blank\"><\/a><\/p>\n","protected":false},"excerpt":{"rendered":"<p>Alfredo Cornejo se reuni\u00f3 con el jefe de Gabinete Guillermo Francos\u00a0en una cumbre de la que tambi\u00e9n particip\u00f3 el resto de los gobernadores de Juntos por el Cambio. Es la primera vez que se vieron las caras, luego de que tanto el mendocino, como sus pares respaldaran con sus legisladores la aprobaci\u00f3n de la Ley [&hellip;]<\/p>\n","protected":false},"author":2,"featured_media":8794,"comment_status":"open","ping_status":"open","sticky":false,"template":"","format":"standard","meta":[],"categories":[48],"tags":[],"_links":{"self":[{"href":"https:\/\/pasaenmendoza.com\/index.php?rest_route=\/wp\/v2\/posts\/8793"}],"collection":[{"href":"https:\/\/pasaenmendoza.com\/index.php?rest_route=\/wp\/v2\/posts"}],"about":[{"href":"https:\/\/pasaenmendoza.com\/index.php?rest_route=\/wp\/v2\/types\/post"}],"author":[{"embeddable":true,"href":"https:\/\/pasaenmendoza.com\/index.php?rest_route=\/wp\/v2\/users\/2"}],"replies":[{"embeddable":true,"href":"https:\/\/pasaenmendoza.com\/index.php?rest_route=%2Fwp%2Fv2%2Fcomments&post=8793"}],"version-history":[{"count":1,"href":"https:\/\/pasaenmendoza.com\/index.php?rest_route=\/wp\/v2\/posts\/8793\/revisions"}],"predecessor-version":[{"id":8795,"href":"https:\/\/pasaenmendoza.com\/index.php?rest_route=\/wp\/v2\/posts\/8793\/revisions\/8795"}],"wp:featuredmedia":[{"embeddable":true,"href":"https:\/\/pasaenmendoza.com\/index.php?rest_route=\/wp\/v2\/media\/8794"}],"wp:attachment":[{"href":"https:\/\/pasaenmendoza.com\/index.php?rest_route=%2Fwp%2Fv2%2Fmedia&parent=8793"}],"wp:term":[{"taxonomy":"category","embeddable":true,"href":"https:\/\/pasaenmendoza.com\/index.php?rest_route=%2Fwp%2Fv2%2Fcategories&post=8793"},{"taxonomy":"post_tag","embeddable":true,"href":"https:\/\/pasaenmendoza.com\/index.php?rest_route=%2Fwp%2Fv2%2Ftags&post=8793"}],"curies":[{"name":"wp","href":"https:\/\/api.w.org\/{rel}","templated":true}]}}