{"id":880,"date":"2023-08-23T16:24:53","date_gmt":"2023-08-23T14:24:53","guid":{"rendered":"https:\/\/pasaenmendoza.com\/?p=880"},"modified":"2023-08-23T16:27:32","modified_gmt":"2023-08-23T14:27:32","slug":"temporal-de-nieve-en-malargue-asueto-administrativo-150-familias-evacuadas-y-rutas-cortadas","status":"publish","type":"post","link":"https:\/\/pasaenmendoza.com\/?p=880","title":{"rendered":"Temporal de nieve en Malarg\u00fce: asueto administrativo, 150 familias evacuadas y rutas cortadas"},"content":{"rendered":"\n<p>Un hist\u00f3rico temporal de&nbsp;<strong>nieve dej\u00f3 aislado a Malarg\u00fce<\/strong>, en el Sur mendocino. El intendente Juan Manuel Ojeda asegur\u00f3 en Radio Nihuil que ya dict\u00f3&nbsp;<strong>asueto administrativo para este mi\u00e9rcoles&nbsp;<\/strong>porque es muy complejo transitar por las calles. Las oficinas de PAMI y OSEP no atender\u00e1n al p\u00fablico de manera presencial.<\/p>\n\n\n\n<p><strong>Las clases presenciales siguen suspendidas&nbsp;<\/strong>en todos los niveles educativos en ese departamento sure\u00f1o, al igual que varios servicios p\u00fablicos (como la recolecci\u00f3n de residuos y muchas actividades del \u00e1rea sanitaria, con excepci\u00f3n de los servicios de guardia.<\/p>\n\n\n\n<p><strong>Cuatro rutas provinciales est\u00e1n cortadas, al igual que la Ruta Nacional 40.<\/strong>&nbsp;Por lo que tampoco hay servicio de colectivos de media y larga distancia. As\u00ed trabajaban las m\u00e1quinas para despejar el sector de la Terminal.<\/p>\n\n\n\n<p>Adem\u00e1s el jefe comunal cont\u00f3 que&nbsp;<strong>debieron evacuar a unas 150 familias<\/strong>, ya que antes de la nieve hubo un temporal de lluvia y que provoc\u00f3 varios derrumbes y casas anegadas.<\/p>\n\n\n\n<h2 class=\"wp-block-heading\">La ciudad de Malarg\u00fce, aislada por la nieve<\/h2>\n\n\n\n<p>&#8220;<strong>Es la mayor nevada que recuerde<\/strong>&#8220;, manifest\u00f3 el intendente Ojeda. Relat\u00f3 que desde el lunes no para de llover, pero durante la madrugada de este martes comenz\u00f3 a nevar fuertemente. Esto produjo el&nbsp;<strong>corte de la ruta 40, en ambos sentidos<\/strong>, por lo que no hay forma de acceder a la Ciudad.<\/p>\n\n\n\n<p>Por su parte, Vialidad Provincial inform\u00f3 que las rutas&nbsp;<strong>222, 226, 186 y 221 est\u00e1n instransitables.<\/strong><\/p>\n\n\n\n<p>&#8220;Yo fui a recorrer y llegu\u00e9 hasta los barrios de la zona sur, ya que no se puede pasar despu\u00e9s del puente del r\u00edo&nbsp;<strong>Malarg\u00fce<\/strong>&#8220;, sostuvo el intendente y agreg\u00f3 que&nbsp;<strong>hay muchas zonas rurales inundadas a las que no se puede llegar.<\/strong><\/p>\n\n\n\n<p>En cuanto a los servicios, el funcionario explic\u00f3 que&nbsp;<strong>tuvieron un extenso corte de luz<\/strong>, pero que&nbsp;<strong>el gas se ha podido distribuir<\/strong>&nbsp;con normalidad. En tanto,&nbsp;<strong>dijo que la provisi\u00f3n de agua tambi\u00e9n es normal por el momento,<\/strong>&nbsp;pero temen que cuando comience a bajar m\u00e1s la temperatura, se pueda congelar.<\/p>\n\n\n\n<p>Sobre las familias evacuadas<strong>, manifest\u00f3 que son 150, y que tres<\/strong>&nbsp;<strong>de ellas fueron alojadas en<\/strong>&nbsp;<strong>dependencias municipales,<\/strong>&nbsp;mientras las otras se alojaron con familiares. El propio intendente debi\u00f3 ayudar el lunes a la tarde a una familia que hab\u00eda quedado varada en la zona del Chihuido.<\/p>\n\n\n\n<p>&#8220;El lunes tuvimos que asistir a una familia que se encontraba en la cordillera, accedimos con una moto de nieve, porque de otra manera era imposible&#8221;, relat\u00f3.<\/p>\n\n\n\n<h2 class=\"wp-block-heading\">Qu\u00e9 servicios funcionan y cu\u00e1les no por la nieve en Malarg\u00fce<\/h2>\n\n\n\n<p>Los servicios garantizados son los siguientes:<\/p>\n\n\n\n<ul>\n<li>Atenci\u00f3n de las contingencias por parte de Defensa Civil, las m\u00e1quinas y personal de Servicios P\u00fablicos y los Centros de Gesti\u00f3n Municipal.<\/li>\n\n\n\n<li>Servicio de guardia de urgencia y emergencia en el Hospital de Malarg\u00fce y guardia m\u00ednima en el centro de Salud 225.<\/li>\n<\/ul>\n\n\n\n<p><strong>En tanto, estos son los servicios que no se prestar\u00e1n:<\/strong><\/p>\n\n\n\n<ul>\n<li>Recolecci\u00f3n de residuos<\/li>\n\n\n\n<li>Actividad del \u00e1rea sanitaria que no sea de emergencia.<\/li>\n\n\n\n<li>El intendente pide que los privados tambi\u00e9n dicten asueto<\/li>\n\n\n\n<li>El<strong>&nbsp;asueto administrativo en Malarg\u00fce<\/strong>&nbsp;se realizar\u00e1 de tal manera que cada responsable de \u00e1rea asegure las guardias necesarias para no interrumpir la prestaci\u00f3n de los servicios p\u00fablicos indispensables y garantice la continuidad de obras y programas que no puedan ser suspendidos.<\/li>\n\n\n\n<li>El&nbsp;<strong>intendente<\/strong>, adem\u00e1s,&nbsp;<strong>pidi\u00f3 que los privados se sumen al asueto.<\/strong><\/li>\n\n\n\n<li>&#8220;La actividad comercial ha sido casi nula estos d\u00edas, las empresas privadas deber\u00edan suspender tambi\u00e9n su funcionamiento, por el peligro que implica transitar en estas condiciones&#8221;, destac\u00f3 el intendente.<\/li>\n\n\n\n<li><strong>Fuente: www.diariouno.com.ar<\/strong><\/li>\n<\/ul>\n","protected":false},"excerpt":{"rendered":"<p>Un hist\u00f3rico temporal de&nbsp;nieve dej\u00f3 aislado a Malarg\u00fce, en el Sur mendocino. El intendente Juan Manuel Ojeda asegur\u00f3 en Radio Nihuil que ya dict\u00f3&nbsp;asueto administrativo para este mi\u00e9rcoles&nbsp;porque es muy complejo transitar por las calles. Las oficinas de PAMI y OSEP no atender\u00e1n al p\u00fablico de manera presencial. Las clases presenciales siguen suspendidas&nbsp;en todos los [&hellip;]<\/p>\n","protected":false},"author":2,"featured_media":882,"comment_status":"open","ping_status":"open","sticky":false,"template":"","format":"standard","meta":[],"categories":[52],"tags":[],"_links":{"self":[{"href":"https:\/\/pasaenmendoza.com\/index.php?rest_route=\/wp\/v2\/posts\/880"}],"collection":[{"href":"https:\/\/pasaenmendoza.com\/index.php?rest_route=\/wp\/v2\/posts"}],"about":[{"href":"https:\/\/pasaenmendoza.com\/index.php?rest_route=\/wp\/v2\/types\/post"}],"author":[{"embeddable":true,"href":"https:\/\/pasaenmendoza.com\/index.php?rest_route=\/wp\/v2\/users\/2"}],"replies":[{"embeddable":true,"href":"https:\/\/pasaenmendoza.com\/index.php?rest_route=%2Fwp%2Fv2%2Fcomments&post=880"}],"version-history":[{"count":2,"href":"https:\/\/pasaenmendoza.com\/index.php?rest_route=\/wp\/v2\/posts\/880\/revisions"}],"predecessor-version":[{"id":883,"href":"https:\/\/pasaenmendoza.com\/index.php?rest_route=\/wp\/v2\/posts\/880\/revisions\/883"}],"wp:featuredmedia":[{"embeddable":true,"href":"https:\/\/pasaenmendoza.com\/index.php?rest_route=\/wp\/v2\/media\/882"}],"wp:attachment":[{"href":"https:\/\/pasaenmendoza.com\/index.php?rest_route=%2Fwp%2Fv2%2Fmedia&parent=880"}],"wp:term":[{"taxonomy":"category","embeddable":true,"href":"https:\/\/pasaenmendoza.com\/index.php?rest_route=%2Fwp%2Fv2%2Fcategories&post=880"},{"taxonomy":"post_tag","embeddable":true,"href":"https:\/\/pasaenmendoza.com\/index.php?rest_route=%2Fwp%2Fv2%2Ftags&post=880"}],"curies":[{"name":"wp","href":"https:\/\/api.w.org\/{rel}","templated":true}]}}