{"id":8801,"date":"2024-08-01T21:23:00","date_gmt":"2024-08-01T19:23:00","guid":{"rendered":"https:\/\/pasaenmendoza.com\/?p=8801"},"modified":"2024-08-01T21:23:01","modified_gmt":"2024-08-01T19:23:01","slug":"atraparon-a-dos-menores-de-edad-en-las-heras-con-un-arma-de-fuego","status":"publish","type":"post","link":"https:\/\/pasaenmendoza.com\/?p=8801","title":{"rendered":"Atraparon a dos menores de edad en Las Heras con un arma de fuego"},"content":{"rendered":"\n<p><strong>Dos j\u00f3venes menores de edad\u00a0<\/strong>fueron\u00a0<strong>detenidos\u00a0<\/strong>en el departamento de\u00a0<strong>Las Heras\u00a0<\/strong>tras ser sorprendidos con un\u00a0<strong>arma de fuego<\/strong>, seg\u00fan inform\u00f3 la Comisar\u00eda 16\u00b0.<\/p>\n\n\n\n<p>Los aprehendidos son un joven de 17 a\u00f1os y otro de 16 a\u00f1os, quienes se encontraban en la intersecci\u00f3n de las calles Rep\u00fablica de Siria y Dr. Mariano Moreno. El hecho ocurri\u00f3 cuando efectivos de la Unidad de Acci\u00f3n Preventiva (U.A.P) realizaban un patrullaje preventivo y detectaron a los dos sujetos en actitud sospechosa.<\/p>\n\n\n\n<p>Luego, al proceder a individualizarlos y realizarles una requisa, encontraron entre las prendas de uno de ellos un\u00a0<strong>arma de fuego<\/strong>. Seg\u00fan detalla la informaci\u00f3n policial, se trataba de un rev\u00f3lver calibre 22 con tambor de 8 alv\u00e9olos y un cartucho en el interior.<\/p>\n\n\n\n<p>La Oficina Fiscal N\u00b05 de la Comisar\u00eda 16\u00b0 qued\u00f3 a cargo del caso.<\/p>\n\n\n\n<p><strong>Fuente: diariomendoza.com.ar<\/strong><\/p>\n","protected":false},"excerpt":{"rendered":"<p>Dos j\u00f3venes menores de edad\u00a0fueron\u00a0detenidos\u00a0en el departamento de\u00a0Las Heras\u00a0tras ser sorprendidos con un\u00a0arma de fuego, seg\u00fan inform\u00f3 la Comisar\u00eda 16\u00b0. Los aprehendidos son un joven de 17 a\u00f1os y otro de 16 a\u00f1os, quienes se encontraban en la intersecci\u00f3n de las calles Rep\u00fablica de Siria y Dr. Mariano Moreno. El hecho ocurri\u00f3 cuando efectivos de [&hellip;]<\/p>\n","protected":false},"author":2,"featured_media":8802,"comment_status":"open","ping_status":"open","sticky":false,"template":"","format":"standard","meta":[],"categories":[48],"tags":[],"_links":{"self":[{"href":"https:\/\/pasaenmendoza.com\/index.php?rest_route=\/wp\/v2\/posts\/8801"}],"collection":[{"href":"https:\/\/pasaenmendoza.com\/index.php?rest_route=\/wp\/v2\/posts"}],"about":[{"href":"https:\/\/pasaenmendoza.com\/index.php?rest_route=\/wp\/v2\/types\/post"}],"author":[{"embeddable":true,"href":"https:\/\/pasaenmendoza.com\/index.php?rest_route=\/wp\/v2\/users\/2"}],"replies":[{"embeddable":true,"href":"https:\/\/pasaenmendoza.com\/index.php?rest_route=%2Fwp%2Fv2%2Fcomments&post=8801"}],"version-history":[{"count":1,"href":"https:\/\/pasaenmendoza.com\/index.php?rest_route=\/wp\/v2\/posts\/8801\/revisions"}],"predecessor-version":[{"id":8803,"href":"https:\/\/pasaenmendoza.com\/index.php?rest_route=\/wp\/v2\/posts\/8801\/revisions\/8803"}],"wp:featuredmedia":[{"embeddable":true,"href":"https:\/\/pasaenmendoza.com\/index.php?rest_route=\/wp\/v2\/media\/8802"}],"wp:attachment":[{"href":"https:\/\/pasaenmendoza.com\/index.php?rest_route=%2Fwp%2Fv2%2Fmedia&parent=8801"}],"wp:term":[{"taxonomy":"category","embeddable":true,"href":"https:\/\/pasaenmendoza.com\/index.php?rest_route=%2Fwp%2Fv2%2Fcategories&post=8801"},{"taxonomy":"post_tag","embeddable":true,"href":"https:\/\/pasaenmendoza.com\/index.php?rest_route=%2Fwp%2Fv2%2Ftags&post=8801"}],"curies":[{"name":"wp","href":"https:\/\/api.w.org\/{rel}","templated":true}]}}