{"id":8804,"date":"2024-08-02T22:25:16","date_gmt":"2024-08-02T20:25:16","guid":{"rendered":"https:\/\/pasaenmendoza.com\/?p=8804"},"modified":"2024-08-02T22:25:35","modified_gmt":"2024-08-02T20:25:35","slug":"los-motivos-de-alfredo-cornejo-para-rechazar-un-millonario-reclamo-de-ulpiano-suarez","status":"publish","type":"post","link":"https:\/\/pasaenmendoza.com\/?p=8804","title":{"rendered":"Los motivos de Alfredo Cornejo para rechazar un millonario reclamo de Ulpiano Suarez"},"content":{"rendered":"\n<p>El gobernador\u00a0Alfredo Cornejo\u00a0rechaz\u00f3 un reclamo millonario del intendente de Capital,\u00a0<strong>Ulpiano Suarez<\/strong>, declarando que el Poder Ejecutivo es incompetente para resolver el pedido planteado por el jefe comunal radical para actualizar el Fondo Compensador creado por la Ley de Coparticipac\u00f3n provincial. En tanto, el mandatario provincial remiti\u00f3 la presentaci\u00f3n para que sea analizada por una comisi\u00f3n bicameral especial de la Legislatura.<\/p>\n\n\n\n<p><strong>Suarez&nbsp;<\/strong>viene solicitando desde hace meses que se actualice el monto fijo en pesos establecido por la ley N\u00b0 6.393 para compensar a los departamentos de Capital y de La Paz, perjudicados en ese entonces por el nuevo r\u00e9gimen de coparticipaci\u00f3n. Desde el municipio resaltan que, en 1996, a\u00f1o de sanci\u00f3n de la Ley, el fondo representaba US$ 4 millones y que con el paso del tiempo pas\u00f3 a ser el equivalente a U$S 10.000.<\/p>\n\n\n\n<p>Ante este escenario, el intendente capitalino solicit\u00f3 la intervenci\u00f3n del gobernador para gestionar la adecuaci\u00f3n del Fondo Compensador y que ordene que se transfiera al municipio el monto correspondiente a la aplicaci\u00f3n del coeficiente C.E.R. (que se actualiza en base a la inflaci\u00f3n) y se d\u00e9 soluci\u00f3n definitiva a la problem\u00e1tica, dejando establecida esta u otra forma de adecuaci\u00f3n.<\/p>\n\n\n\n<p>A trav\u00e9s del Decreto N\u00b0 1045, publicado este viernes en el Bolet\u00edn Oficial,&nbsp;<strong>Cornejo&nbsp;<\/strong>consider\u00f3 que el reclamo era improcedente ya que la legislaci\u00f3n establece que el Poder Legislativo es el que debe actualizar ese fondo.<\/p>\n\n\n\n<p>El mandatario provincial declar\u00f3 que el Poder Ejecutivo es incompetente para resolver el reclamo presentado por&nbsp;<strong>Suarez&nbsp;<\/strong>y remiti\u00f3 a la Legislatura provincial la presentaci\u00f3n. En concreto plante\u00f3 que sea analizada por una Comisi\u00f3n Especial Bicameral, cuya creaci\u00f3n est\u00e1 contemplada en la Ley de Coparticipaci\u00f3n.<\/p>\n\n\n\n<p>El Gobierno provincial consider\u00f3 que el planteo no puede prosperar porque se formula inicialmente como una solicitud para \u201cgestionar la adecuaci\u00f3n del Fondo Compensador\u201d ya que esa facultad le corresponde a la Legislatura.<\/p>\n\n\n\n<p>En los fundamentos del decreto se establece que el Fondo Compensador creado por el Art\u00edculo 7\u00ba de la Ley N\u00ba 6.396 solo puede ser modificado o alterado por la propia Legislatura mediante la modificaci\u00f3n del texto normativo, tal como sucedi\u00f3 en los a\u00f1os 2008 y 2010.<\/p>\n\n\n\n<p>Originalmente, el fondo se integraba con un aporte del Gobierno provincial de $ 4.100.000 anuales, cuya distribuci\u00f3n es en un 96,15% para la Municipalidad de Capital y en un 3,85 % para la Municipalidad de La Paz. Durante la gobernaci\u00f3n de Celso Jaque y la intendencia de V\u00edctor Fayad, el monto del Fondo se modific\u00f3 en 2008 pasando a $9 millones anuales, y en 2010 donde qued\u00f3 establecido en $13 millones por a\u00f1o.<\/p>\n\n\n\n<p>No obstante, desde el a\u00f1o 2011 esa cifra no ha tenido modificaciones pese al permanente avance de la inflaci\u00f3n y las sucesivas devaluaciones que ha sufrido la moneda en estos \u00faltimos 13 a\u00f1os.<\/p>\n\n\n\n<p>Este ha sido el disparador que motiv\u00f3 el millonario reclamo del actual intendente&nbsp;<strong>Ulpiano Suarez<\/strong>. La propuesta del dirigente radical es que se actualice el monto aplicando el coeficiente C.E.R.<\/p>\n\n\n\n<p>Para las autoridades provinciales ese planteo es \u201cimprocedente\u201d y se\u00f1alan que la norma ha optado por conformar el coeficiente mediante una suma fija, sin prever ning\u00fan mecanismo de actualizaci\u00f3n.<\/p>\n\n\n\n<p>Por estas razones, el gobernador entendi\u00f3 que correspond\u00eda declarar la incompetencia del Poder Ejecutivo, remitiendo las actuaciones a la Comisi\u00f3n Bicameral para que analice el planteo.<\/p>\n\n\n\n<p><strong>Fuente: www.mdzol.com<\/strong><\/p>\n","protected":false},"excerpt":{"rendered":"<p>El gobernador\u00a0Alfredo Cornejo\u00a0rechaz\u00f3 un reclamo millonario del intendente de Capital,\u00a0Ulpiano Suarez, declarando que el Poder Ejecutivo es incompetente para resolver el pedido planteado por el jefe comunal radical para actualizar el Fondo Compensador creado por la Ley de Coparticipac\u00f3n provincial. En tanto, el mandatario provincial remiti\u00f3 la presentaci\u00f3n para que sea analizada por una comisi\u00f3n [&hellip;]<\/p>\n","protected":false},"author":2,"featured_media":8805,"comment_status":"open","ping_status":"open","sticky":false,"template":"","format":"standard","meta":[],"categories":[47],"tags":[],"_links":{"self":[{"href":"https:\/\/pasaenmendoza.com\/index.php?rest_route=\/wp\/v2\/posts\/8804"}],"collection":[{"href":"https:\/\/pasaenmendoza.com\/index.php?rest_route=\/wp\/v2\/posts"}],"about":[{"href":"https:\/\/pasaenmendoza.com\/index.php?rest_route=\/wp\/v2\/types\/post"}],"author":[{"embeddable":true,"href":"https:\/\/pasaenmendoza.com\/index.php?rest_route=\/wp\/v2\/users\/2"}],"replies":[{"embeddable":true,"href":"https:\/\/pasaenmendoza.com\/index.php?rest_route=%2Fwp%2Fv2%2Fcomments&post=8804"}],"version-history":[{"count":2,"href":"https:\/\/pasaenmendoza.com\/index.php?rest_route=\/wp\/v2\/posts\/8804\/revisions"}],"predecessor-version":[{"id":8807,"href":"https:\/\/pasaenmendoza.com\/index.php?rest_route=\/wp\/v2\/posts\/8804\/revisions\/8807"}],"wp:featuredmedia":[{"embeddable":true,"href":"https:\/\/pasaenmendoza.com\/index.php?rest_route=\/wp\/v2\/media\/8805"}],"wp:attachment":[{"href":"https:\/\/pasaenmendoza.com\/index.php?rest_route=%2Fwp%2Fv2%2Fmedia&parent=8804"}],"wp:term":[{"taxonomy":"category","embeddable":true,"href":"https:\/\/pasaenmendoza.com\/index.php?rest_route=%2Fwp%2Fv2%2Fcategories&post=8804"},{"taxonomy":"post_tag","embeddable":true,"href":"https:\/\/pasaenmendoza.com\/index.php?rest_route=%2Fwp%2Fv2%2Ftags&post=8804"}],"curies":[{"name":"wp","href":"https:\/\/api.w.org\/{rel}","templated":true}]}}