{"id":8811,"date":"2024-08-02T22:34:31","date_gmt":"2024-08-02T20:34:31","guid":{"rendered":"https:\/\/pasaenmendoza.com\/?p=8811"},"modified":"2024-08-02T22:34:33","modified_gmt":"2024-08-02T20:34:33","slug":"pronostico-del-tiempo-en-mendoza-detras-del-viento-zonda-viene-un-frente-frio","status":"publish","type":"post","link":"https:\/\/pasaenmendoza.com\/?p=8811","title":{"rendered":"Pron\u00f3stico del tiempo en Mendoza: detr\u00e1s del viento Zonda viene un frente fr\u00edo"},"content":{"rendered":"\n<p>Se espera que ingrese un\u00a0<strong>frente fr\u00edo\u00a0<\/strong>tras el violento\u00a0<strong>viento Zonda<\/strong>\u00a0de este viernes en el Gran Mendoza y otras zonas de la provincia. Este fin de semana habr\u00e1 un marcado descenso de la temperatura, con m\u00e1ximas que no superar\u00edan los 15\u00b0. La inestabilidad en alta monta\u00f1a por\u00a0<strong>temporal de nieve y lluvia<\/strong>\u00a0amenaza con extenderse hasta el martes.<\/p>\n\n\n\n<p>El&nbsp;<strong>pron\u00f3stico extendido<\/strong>, entonces, indica condiciones desfavorables para la cordillera, lo que seguramente generar\u00e1 que el Paso Internacional a Chile se mantenga cerrado. M\u00e1s a\u00fan porque las&nbsp;<strong>tormentas de fuertes lluvias y nevadas del lado chileno<\/strong>&nbsp;que se dan desde las \u00faltimas horas del jueves, permanecer\u00e1n el fin de semana.<\/p>\n\n\n\n<p>En el llano, para la zona metropolitana del Gran Mendoza se ver\u00e1 disminuida la temperatura con el ingreso de un\u00a0<strong>frente fr\u00edo<\/strong>, como suele ocurrir tras el paso del viento Zonda.<\/p>\n\n\n\n<p>Para el resto de esta jornada de viernes, el pron\u00f3stico indica nubosidad variable con viento Zonda de moderado a fuerte,\u00a0<strong>temporal en cordillera<\/strong>\u00a0y precipitaciones aisladas hacia la noche. La m\u00e1xima se estima en 24\u00b0 (a las 6 de la ma\u00f1ana, en plena situaci\u00f3n de Zonda, el term\u00f3metro marc\u00f3 26\u00b0) y la m\u00ednima fue de 8\u00b0.<\/p>\n\n\n\n<p>En tanto, alta monta\u00f1a se ve afectada por un fuerte\u00a0<strong>temporal de nieve y viento<\/strong>, la tendencia es a que se mantengan las mismas condiciones durante todo el d\u00eda y este s\u00e1bado inclusive. Por la ma\u00f1ana, nevadas intensas en Las Le\u00f1as (Malarg\u00fce).<\/p>\n\n\n\n<p>El ingreso de un frente fr\u00edo en el llano har\u00e1 rotar el viento moderado al sur para poner\u00a0<strong>fin al viento Zonda<\/strong>\u00a0cerca del mediod\u00eda de este viernes.<\/p>\n\n\n\n<h2 class=\"wp-block-heading\">La ruta a Chile, intransitable<\/h2>\n\n\n\n<p>Este viernes el camino desde el Valle de Uspallata hasta la boca del T\u00fanel Internacional Cristo Redentor se encuentra&nbsp;<strong>intransitable<\/strong>. Desde la Direcci\u00f3n Nacional de Vialidad solicitan a los conductores circular con precauci\u00f3n debido a posibles &#8220;<strong>voladuras de nieve<\/strong>&nbsp;sobre la calzada y en sectores con sombra por probable formaci\u00f3n de hielo&#8221;.<\/p>\n\n\n\n<p>Equipos de maquinarias y personal de&nbsp;<strong>Vialidad Nacional<\/strong>&nbsp;se encuentran operando en la zona para despejar el camino, sobre Ruta 7. En Las Cuevas y Puente del Inca,&nbsp;<strong>la visibilidad es reducida<\/strong>.<\/p>\n\n\n\n<p>Ante estas condiciones de viento, nieve y lluvia, las autoridades recomiendan &#8220;reducir la velocidad y transitar con\u00a0<strong>extrema precauci\u00f3n en zonas de derrumbes<\/strong>&#8220;, y tambi\u00e9n &#8220;en caso de crecidas evitar el cruce de sectores que pudieran quedar anegados con flujos aluvionales&#8221;.<\/p>\n\n\n\n<p>Tanto el Paso Internacional Sistema Cristo Redentor como el Paso Pehuenche contin\u00faan cerrados y hay\u00a0<strong>m\u00e1s de 800 camiones varados<\/strong>\u00a0a la espera de su reapertura para poder cruzar a Chile.<\/p>\n\n\n\n<h2 class=\"wp-block-heading\">Chau al Zonda, bienvenido el fr\u00edo para este s\u00e1bado<\/h2>\n\n\n\n<p>En Malarg\u00fce y la cordillera del Sur provincial, se pronostica para este s\u00e1bado la circulaci\u00f3n de un viento oeste d\u00e9bil, con&nbsp;<strong>efecto Zonda<\/strong>. Desde las 7, alcanzar\u00e1 velocidades cercanas a los 20 km\/h, prolong\u00e1ndose hasta cerca de las 17. Luego, las condiciones indican un viento calmo.<\/p>\n\n\n\n<p>Tambi\u00e9n en el Sur y en el Valle de Uco, este s\u00e1bado amanecer\u00eda con&nbsp;<strong>precipitaciones d\u00e9biles<\/strong>, mejorando a partir de media ma\u00f1ana de forma pasajera. Por la tarde el cielo estar\u00e1 parcialmente nublado.<\/p>\n\n\n\n<p>En la Cordillera de los Andes, mientras, seguir\u00e1&nbsp;<strong>inestable&nbsp;<\/strong>con una mejor\u00eda a partir del mediod\u00eda del s\u00e1bado. Se anticipa un cielo cubierto en cordillera pero sin precipitaciones para este s\u00e1bado.<\/p>\n\n\n\n<p><strong>La temperatura promedio en el llano<\/strong>\u00a0marca una m\u00e1xima de 15\u00b0 y una m\u00ednima de 3\u00b0 para este s\u00e1bado.<\/p>\n\n\n\n<p><strong>Fuente: www.diariouno.com.ar<\/strong><\/p>\n","protected":false},"excerpt":{"rendered":"<p>Se espera que ingrese un\u00a0frente fr\u00edo\u00a0tras el violento\u00a0viento Zonda\u00a0de este viernes en el Gran Mendoza y otras zonas de la provincia. Este fin de semana habr\u00e1 un marcado descenso de la temperatura, con m\u00e1ximas que no superar\u00edan los 15\u00b0. La inestabilidad en alta monta\u00f1a por\u00a0temporal de nieve y lluvia\u00a0amenaza con extenderse hasta el martes. El&nbsp;pron\u00f3stico [&hellip;]<\/p>\n","protected":false},"author":2,"featured_media":8812,"comment_status":"open","ping_status":"open","sticky":false,"template":"","format":"standard","meta":[],"categories":[52],"tags":[],"_links":{"self":[{"href":"https:\/\/pasaenmendoza.com\/index.php?rest_route=\/wp\/v2\/posts\/8811"}],"collection":[{"href":"https:\/\/pasaenmendoza.com\/index.php?rest_route=\/wp\/v2\/posts"}],"about":[{"href":"https:\/\/pasaenmendoza.com\/index.php?rest_route=\/wp\/v2\/types\/post"}],"author":[{"embeddable":true,"href":"https:\/\/pasaenmendoza.com\/index.php?rest_route=\/wp\/v2\/users\/2"}],"replies":[{"embeddable":true,"href":"https:\/\/pasaenmendoza.com\/index.php?rest_route=%2Fwp%2Fv2%2Fcomments&post=8811"}],"version-history":[{"count":1,"href":"https:\/\/pasaenmendoza.com\/index.php?rest_route=\/wp\/v2\/posts\/8811\/revisions"}],"predecessor-version":[{"id":8813,"href":"https:\/\/pasaenmendoza.com\/index.php?rest_route=\/wp\/v2\/posts\/8811\/revisions\/8813"}],"wp:featuredmedia":[{"embeddable":true,"href":"https:\/\/pasaenmendoza.com\/index.php?rest_route=\/wp\/v2\/media\/8812"}],"wp:attachment":[{"href":"https:\/\/pasaenmendoza.com\/index.php?rest_route=%2Fwp%2Fv2%2Fmedia&parent=8811"}],"wp:term":[{"taxonomy":"category","embeddable":true,"href":"https:\/\/pasaenmendoza.com\/index.php?rest_route=%2Fwp%2Fv2%2Fcategories&post=8811"},{"taxonomy":"post_tag","embeddable":true,"href":"https:\/\/pasaenmendoza.com\/index.php?rest_route=%2Fwp%2Fv2%2Ftags&post=8811"}],"curies":[{"name":"wp","href":"https:\/\/api.w.org\/{rel}","templated":true}]}}