{"id":8818,"date":"2024-08-02T22:44:22","date_gmt":"2024-08-02T20:44:22","guid":{"rendered":"https:\/\/pasaenmendoza.com\/?p=8818"},"modified":"2024-08-02T22:44:24","modified_gmt":"2024-08-02T20:44:24","slug":"comenzaron-a-rendir-el-examen-para-elegir-al-sucesor-de-walter-bento-52-aspirantes","status":"publish","type":"post","link":"https:\/\/pasaenmendoza.com\/?p=8818","title":{"rendered":"Comenzaron a rendir el examen para elegir al sucesor de Walter Bento 52 aspirantes"},"content":{"rendered":"\n<p>A pesar de las p\u00e9simas condiciones meteorol\u00f3gicas por el viento Zonda, el Consejo de la Magistratura comenz\u00f3 a evaluar este viernes, en la Facultad de Derecho de la UNCuyo, a\u00a0<strong>52 aspirantes<\/strong>\u00a0a convertirse en el juez sucesor de\u00a0<strong>Walter Bento<\/strong>\u00a0al frente del Juzgado Federal 1 de Mendoza con competencias Penal y Electoral.<\/p>\n\n\n\n<p>Esta actividad no se suspendi\u00f3 por el viento\u00a0<strong>Zonda<\/strong>, confirm\u00f3 el decano Fernando P\u00e9rez Lasala.<\/p>\n\n\n\n<p>Entre los examinados hay abogados, funcionarios judiciales y magistrados de Mendoza y de otras ciudades del pa\u00eds. Estos \u00faltimos arribaron a Mendoza a partir del jueves por la tarde. Inicialmente se esperaba a 90 aspirantes que hab\u00edan confirmado la presencia pero se presentaron 52, confirmaron desde el Consejo de la Magistratura del Poder Judicial de la Naci\u00f3n.<\/p>\n\n\n\n<p>Todos fueron convocados a las 8 en las instalaciones de la Facultad de Derecho de la UNCuyo.<\/p>\n\n\n\n<p>El Juzgado Federal 1 de&nbsp;<strong>Mendoza&nbsp;<\/strong>est\u00e1 vacante desde el 8 de noviembre de 2023 cuando el Jury de Enjuiciamiento destituy\u00f3 a&nbsp;<strong>Walter Bento<\/strong>&nbsp;en Buenos Aires por&nbsp;<strong>mal desempe\u00f1o&nbsp;<\/strong>al cierre de un juicio pol\u00edtico.<\/p>\n\n\n\n<p>En fallo un\u00e1nime, Bento fue echado del Poder Judicial de la Naci\u00f3n mientras era juzgado por delitos de corrupci\u00f3n:\u00a0<strong>asociaci\u00f3n il\u00edcita y lavado de activos.<\/strong><\/p>\n\n\n\n<p>De inmediato perdi\u00f3 los fueros de magistrado y fue<strong>&nbsp;detenido<\/strong>&nbsp;en la c\u00e1rcel Federal de Campo Cacheuta.<\/p>\n\n\n\n<p>Hab\u00eda sido suspendido en mayo de 2023 y la C\u00e1mara Federal de Apelaciones de Mendoza decidi\u00f3 repartir las causas del Juzgado Federal 1 entre los jueces Marcelo Garnica y Pablo Quir\u00f3s. Hasta que haya juez titular, Garnica se ocupar\u00e1 de los asuntos del fuero Penal y Quir\u00f3s de los expedientes electorales.<\/p>\n\n\n\n<p>El Juzgado Federal 1 de Mendoza estuvo a cargo de Bento durante 17 a\u00f1os: desde 2006 hasta 2023.<\/p>\n\n\n\n<p>El antecesor fue Luis Leiva, destituido en 2002 por el<strong>\u00a0Jury de Enjuiciamiento\u00a0<\/strong>por la causal de mal desempe\u00f1o.<\/p>\n\n\n\n<p><strong>Fuente: www.diariouno.com.ar<\/strong><\/p>\n","protected":false},"excerpt":{"rendered":"<p>A pesar de las p\u00e9simas condiciones meteorol\u00f3gicas por el viento Zonda, el Consejo de la Magistratura comenz\u00f3 a evaluar este viernes, en la Facultad de Derecho de la UNCuyo, a\u00a052 aspirantes\u00a0a convertirse en el juez sucesor de\u00a0Walter Bento\u00a0al frente del Juzgado Federal 1 de Mendoza con competencias Penal y Electoral. Esta actividad no se suspendi\u00f3 [&hellip;]<\/p>\n","protected":false},"author":2,"featured_media":8819,"comment_status":"open","ping_status":"open","sticky":false,"template":"","format":"standard","meta":[],"categories":[60],"tags":[],"_links":{"self":[{"href":"https:\/\/pasaenmendoza.com\/index.php?rest_route=\/wp\/v2\/posts\/8818"}],"collection":[{"href":"https:\/\/pasaenmendoza.com\/index.php?rest_route=\/wp\/v2\/posts"}],"about":[{"href":"https:\/\/pasaenmendoza.com\/index.php?rest_route=\/wp\/v2\/types\/post"}],"author":[{"embeddable":true,"href":"https:\/\/pasaenmendoza.com\/index.php?rest_route=\/wp\/v2\/users\/2"}],"replies":[{"embeddable":true,"href":"https:\/\/pasaenmendoza.com\/index.php?rest_route=%2Fwp%2Fv2%2Fcomments&post=8818"}],"version-history":[{"count":1,"href":"https:\/\/pasaenmendoza.com\/index.php?rest_route=\/wp\/v2\/posts\/8818\/revisions"}],"predecessor-version":[{"id":8820,"href":"https:\/\/pasaenmendoza.com\/index.php?rest_route=\/wp\/v2\/posts\/8818\/revisions\/8820"}],"wp:featuredmedia":[{"embeddable":true,"href":"https:\/\/pasaenmendoza.com\/index.php?rest_route=\/wp\/v2\/media\/8819"}],"wp:attachment":[{"href":"https:\/\/pasaenmendoza.com\/index.php?rest_route=%2Fwp%2Fv2%2Fmedia&parent=8818"}],"wp:term":[{"taxonomy":"category","embeddable":true,"href":"https:\/\/pasaenmendoza.com\/index.php?rest_route=%2Fwp%2Fv2%2Fcategories&post=8818"},{"taxonomy":"post_tag","embeddable":true,"href":"https:\/\/pasaenmendoza.com\/index.php?rest_route=%2Fwp%2Fv2%2Ftags&post=8818"}],"curies":[{"name":"wp","href":"https:\/\/api.w.org\/{rel}","templated":true}]}}