{"id":8821,"date":"2024-08-05T23:46:19","date_gmt":"2024-08-05T21:46:19","guid":{"rendered":"https:\/\/pasaenmendoza.com\/?p=8821"},"modified":"2024-08-05T23:46:20","modified_gmt":"2024-08-05T21:46:20","slug":"un-chico-de-12-anos-sufrio-fracturas-en-sus-dos-piernas-tras-colgarse-de-un-colectivo-en-godoy-cruz","status":"publish","type":"post","link":"https:\/\/pasaenmendoza.com\/?p=8821","title":{"rendered":"Un chico de 12 a\u00f1os sufri\u00f3 fracturas en sus dos piernas tras colgarse de un colectivo en Godoy Cruz"},"content":{"rendered":"\n<p>Un chico de 12 a\u00f1os sufri\u00f3 fracturas en sus dos piernas y qued\u00f3 internado en el\u00a0<strong>Hospital Notti<\/strong>. Ocurri\u00f3 en Godoy Cruz en la noche del domingo luego de\u00a0<strong>colgarse de un colectivo<\/strong>\u00a0y caer cuando estaba en marcha. Otros dos que estaban con \u00e9l tambi\u00e9n sufrieron heridas, pero no trascendieron los detalles. Los choferes de micros se\u00f1alaron que todos los d\u00edas los j\u00f3venes\u00a0<strong>se enganchan de la puerta trasera\u00a0<\/strong>o son apedreados.<\/p>\n\n\n\n<p>Ocurri\u00f3 en la tarde noche del domingo en el<strong>\u00a0barrio San Antonio<\/strong>, colindante a La Gloria, en\u00a0<strong>Godoy Cruz<\/strong>, donde testigos se\u00f1alaron que tres adolescentes se colgaron de la puerta de un colectivo que circulaba por\u00a0<strong>calle Ortiz<\/strong>.<\/p>\n\n\n\n<p>Como consecuencia de eso, uno de los chicos&nbsp;<strong>habr\u00eda perdido la estabilidad<\/strong>&nbsp;y los tres cayeron. Uno de ellos, de 12 a\u00f1os, sufri\u00f3<strong>&nbsp;fracturas en sus dos piernas<\/strong>, mientras que sus amigos tambi\u00e9n sufrieron heridas, aunque no trascendi\u00f3 la magnitus.<\/p>\n\n\n\n<p>Personal del Servicio de Emergencia Coordinado lleg\u00f3 al lugar para asistir a las v\u00edctimas, y el menor fue trasladado al\u00a0<strong>Hospital Notti<\/strong>, donde lo operaron por fractura de los\u00a0<strong>f\u00e9mur\u00a0<\/strong>de sus dos piernas y qued\u00f3 internado en\u00a0<strong>sala com\u00fan<\/strong>.<\/p>\n\n\n\n<h2 class=\"wp-block-heading\">Quejas de vecinos y choferes de micros<\/h2>\n\n\n\n<p>&#8220;Es algo normal que pasa&nbsp;<strong>todos los d\u00edas&nbsp;<\/strong>en la tarde&#8221;, asegur\u00f3 una vecina del barrio San Antonio, de&nbsp;<strong>Godoy Cruz<\/strong>. &#8220;Los chicos se cuelgan de los micros y los choferes est\u00e1n cansados de frenar para correrlos. Cuando vuelven a subir se vuelven a colgar&#8221;.<\/p>\n\n\n\n<p>La mujer agreg\u00f3 que no solo se cuelgan de las puertas, especialmente la trasera, sino que muchas otras veces l<strong>es tiran piedras<\/strong>, por lo que temen que las autoridades decidan sacar el recorrido en esa zona.<\/p>\n\n\n\n<p>Por su parte, un chofer que pasa por&nbsp;<strong>calle Ortiz<\/strong>&nbsp;todos los d\u00edas expres\u00f3: &#8220;Es permanente, se cuelgan todos los d\u00edas. Tenemos que optar por quedarnos en el lugar hasta que los chicos bajen. Si los pasajeros quieren pueden llamarle la atenci\u00f3n, pero nosotros mucho no podemos hacer porque&nbsp;<strong>son menores de edad<\/strong>, nos tenemos que quedar quietos hasta que decidan bajarse, porque si uno arranca y arriesga la integridad f\u00edsica de ellos&#8221;.<\/p>\n\n\n\n<p>&#8220;Se cuelgan&nbsp;<strong>por diversi\u00f3n<\/strong>, no entiendo por qu\u00e9 los padres no les llaman la atenci\u00f3n&#8221;, indic\u00f3 el chofer.<\/p>\n\n\n\n<p>Otro conductor de micros cont\u00f3: &#8220;Todos los d\u00edas se cuelgan a la tarde\u00a0<strong>despu\u00e9s de la siesta\u00a0<\/strong>y es un peligro porque nosotros no vemos atr\u00e1s, se pueden caer y pisarlos con la rueda trasera.\u00a0<strong>Ya hicimos muchas denuncias<\/strong>, la Polic\u00eda est\u00e1 al tanto de esto, pero sigue siendo un peligro&#8221;.<\/p>\n\n\n\n<p><strong>Fuente: www.diariouno.com.ar<\/strong><\/p>\n","protected":false},"excerpt":{"rendered":"<p>Un chico de 12 a\u00f1os sufri\u00f3 fracturas en sus dos piernas y qued\u00f3 internado en el\u00a0Hospital Notti. Ocurri\u00f3 en Godoy Cruz en la noche del domingo luego de\u00a0colgarse de un colectivo\u00a0y caer cuando estaba en marcha. Otros dos que estaban con \u00e9l tambi\u00e9n sufrieron heridas, pero no trascendieron los detalles. Los choferes de micros se\u00f1alaron [&hellip;]<\/p>\n","protected":false},"author":2,"featured_media":8822,"comment_status":"open","ping_status":"open","sticky":false,"template":"","format":"standard","meta":[],"categories":[48],"tags":[],"_links":{"self":[{"href":"https:\/\/pasaenmendoza.com\/index.php?rest_route=\/wp\/v2\/posts\/8821"}],"collection":[{"href":"https:\/\/pasaenmendoza.com\/index.php?rest_route=\/wp\/v2\/posts"}],"about":[{"href":"https:\/\/pasaenmendoza.com\/index.php?rest_route=\/wp\/v2\/types\/post"}],"author":[{"embeddable":true,"href":"https:\/\/pasaenmendoza.com\/index.php?rest_route=\/wp\/v2\/users\/2"}],"replies":[{"embeddable":true,"href":"https:\/\/pasaenmendoza.com\/index.php?rest_route=%2Fwp%2Fv2%2Fcomments&post=8821"}],"version-history":[{"count":1,"href":"https:\/\/pasaenmendoza.com\/index.php?rest_route=\/wp\/v2\/posts\/8821\/revisions"}],"predecessor-version":[{"id":8823,"href":"https:\/\/pasaenmendoza.com\/index.php?rest_route=\/wp\/v2\/posts\/8821\/revisions\/8823"}],"wp:featuredmedia":[{"embeddable":true,"href":"https:\/\/pasaenmendoza.com\/index.php?rest_route=\/wp\/v2\/media\/8822"}],"wp:attachment":[{"href":"https:\/\/pasaenmendoza.com\/index.php?rest_route=%2Fwp%2Fv2%2Fmedia&parent=8821"}],"wp:term":[{"taxonomy":"category","embeddable":true,"href":"https:\/\/pasaenmendoza.com\/index.php?rest_route=%2Fwp%2Fv2%2Fcategories&post=8821"},{"taxonomy":"post_tag","embeddable":true,"href":"https:\/\/pasaenmendoza.com\/index.php?rest_route=%2Fwp%2Fv2%2Ftags&post=8821"}],"curies":[{"name":"wp","href":"https:\/\/api.w.org\/{rel}","templated":true}]}}