{"id":8824,"date":"2024-08-05T23:52:26","date_gmt":"2024-08-05T21:52:26","guid":{"rendered":"https:\/\/pasaenmendoza.com\/?p=8824"},"modified":"2024-08-05T23:52:28","modified_gmt":"2024-08-05T21:52:28","slug":"bullrich-visito-el-banco-de-huellas-geneticas-de-mendoza-y-defendio-su-aplicacion-en-todo-el-pais","status":"publish","type":"post","link":"https:\/\/pasaenmendoza.com\/?p=8824","title":{"rendered":"Bullrich visit\u00f3 el Banco de Huellas Gen\u00e9ticas de Mendoza y defendi\u00f3 su aplicaci\u00f3n en todo el pa\u00eds"},"content":{"rendered":"\n<p><strong>Patricia Bullrich<\/strong>\u00a0est\u00e1 en Mendoza y entre las actividades que desarroll\u00f3 este lunes estuvo una visita al\u00a0<strong>Banco de Huellas Gen\u00e9ticas<\/strong>\u00a0de la provincia. Lo hizo un d\u00eda antes de que la C\u00e1mara de Diputados del Congreso de la Naci\u00f3n debata la aplicaci\u00f3n de una tecnolog\u00eda similar en todo el pa\u00eds.<\/p>\n\n\n\n<p>En ese panorama, la utilizaci\u00f3n de&nbsp;<strong>an\u00e1lisis gen\u00e9tico<\/strong>&nbsp;para la resoluci\u00f3n de casos criminales en tierras mendocinas asoma como&nbsp;<strong>una experiencia piloto<\/strong>, seg\u00fan consider\u00f3 la&nbsp;<strong>ministra de Seguridad<\/strong>.<\/p>\n\n\n\n<p>&#8220;Es un ejemplo a imitar en todo el pa\u00eds.\u00a0<strong>Mendoza tiene la mayor cantidad de muestras gen\u00e9ticas de Sudam\u00e9rica<\/strong>\u00a0y queremos que el resto del pa\u00eds d\u00e9 ese salto hacia la modernizaci\u00f3n, que es en definitiva una herramienta contra la impunidad&#8221;, consider\u00f3 Bullrich, que promociona la creaci\u00f3n de un\u00a0<strong>Registro Nacional de Datos Gen\u00e9ticos<\/strong>.<\/p>\n\n\n\n<p>El martes, un proyecto de ley que busca\u00a0<strong>ampliar el uso de un banco gen\u00e9tico a todos los delitos<\/strong>\u00a0ser\u00e1 tratado en la C\u00e1mara Baja junto a otras iniciativas vinculadas a la seguridad. La ministra defini\u00f3: &#8220;Estoy trabajando para que Argentina tenga esta ley de ADN. Y tambi\u00e9n proponemos otra ley para\u00a0<strong>regularizar las armas<\/strong>\u00a0de m\u00e1s de 800.000 personas que alguna vez fueron leg\u00edtimos usuarios y hoy est\u00e1n en negro&#8221;.<\/p>\n\n\n\n<p>Otra de las propuestas que Bullrich espera aprobar en breve es la llamada\u00a0<strong>&#8220;Ley Antimafias&#8221;<\/strong>, que busca imponer una pena de ocho a veinte a\u00f1os\u00a0<strong>a todo aquel que pertenezca\u00a0<\/strong>a alguno de los escalones de una<strong>\u00a0organizaci\u00f3n criminal<\/strong>\u00a0dedicada a delitos graves y organizados como el narcotr\u00e1fico, la trata de personas, la comercializaci\u00f3n de material de abuso sexual de menores, tr\u00e1fico de \u00f3rganos, secuestros, lavado de activos u homicidios. Tambi\u00e9n se sumaron durante la discusi\u00f3n previa en Diputados delitos como la venta de ni\u00f1os y la corrupci\u00f3n.<\/p>\n\n\n\n<h2 class=\"wp-block-heading\">Cornejo: &#8220;La experiencia mendocina es sumamente exitosa&#8221;<\/h2>\n\n\n\n<p>A su turno, el gobernador&nbsp;<strong>Alfredo Cornejo<\/strong>&nbsp;subray\u00f3 lo positivo que ser\u00eda, a su criterio, la aplicaci\u00f3n de una&nbsp;<strong>base de datos gen\u00e9ticos<\/strong>&nbsp;de alcance nacional.<\/p>\n\n\n\n<p>&#8220;En Mendoza -dijo- la experiencia es muy positiva.&nbsp;<strong>En 7 a\u00f1os hubo 1.063 match positivos que han impactado en m\u00e1s de 4.500 investigaciones<\/strong>. Pero necesitamos que el resto de las provincias y la Naci\u00f3n agreguen valor a esta base de datos, porque el delito migra entre jurisdicciones&#8221;.<\/p>\n\n\n\n<p>Cornejo cont\u00f3 que gracias a que La Pampa tambi\u00e9n tiene un registro similar se ha podido atrapar a delincuentes de all\u00e1 que operaban en Mendoza. &#8220;Por esto es relevante que Diputados le d\u00e9 media sanci\u00f3n a este proyecto, que corrige una ley nacional que destinaba este tipo de an\u00e1lisis s\u00f3lo a delitos sexuales.&nbsp;<strong>Aspiramos a cargar al 10% de la poblaci\u00f3n en el banco de datos<\/strong>&#8220;, sugiri\u00f3.<\/p>\n\n\n\n<p>El encuentro tambi\u00e9n cont\u00f3 con la presencia del&nbsp;<strong>presidente de la Suprema Corte, Dalmiro Garay, y del procurador de la Corte, Alejandro Gull\u00e9<\/strong>.<\/p>\n\n\n\n<h2 class=\"wp-block-heading\">Bullrich avala la domiciliaria para condenados de lesa humanidad<\/h2>\n\n\n\n<p>En otro segmento del di\u00e1logo, la ministra de Seguridad de la Naci\u00f3n habl\u00f3 del reclamo de&nbsp;<strong>prisi\u00f3n domiciliaria<\/strong>&nbsp;que est\u00e1n llevando a cabo algunos represores condenados por&nbsp;<strong>delitos de lesa humanidad<\/strong>.<\/p>\n\n\n\n<p>&#8220;Lo importante es la igualdad ante la ley -argument\u00f3-. A los 70 a\u00f1os, las personas condenadas que han cometido cr\u00edmenes de todo tipo pueden obtener el beneficio. Pero en el caso de delitos de lesa humanidad,<strong>&nbsp;uno ve personas de 90 a\u00f1os con enfermedades terribles<\/strong>&nbsp;que est\u00e1n en la c\u00e1rcel. Una cosa es cumplir una condena y otra es tener en una c\u00e1rcel a una persona con c\u00e1rcel terminal&#8221;.<\/p>\n\n\n\n<p>Bullrich, no obstante,<strong>&nbsp;no especific\u00f3 a qui\u00e9n se refer\u00eda con esa cita<\/strong>. En cualquier caso, existe la posibilidad de pedir domiciliaria por cuestiones de salud, algo que seg\u00fan pareci\u00f3 aseverar la ministra no estar\u00eda ocurriendo.<\/p>\n\n\n\n<p>En cuanto a la visita a genocidas que llevaron a cabo un grupo de diputados de La Libertad Avanza -entre ellos, la mendocina\u00a0<strong>Lourdes Arrieta<\/strong>&#8211; Bullrich se pregunt\u00f3: &#8220;<strong>\u00bfExiste alguna prohibici\u00f3n para visitar a tal o cual detenido? Yo creo que no<\/strong>. Los que lo concretaron tienen que hacerse cargo; pero desde la perspectiva de la libertad, si hay personas que quieren dar vuelta una lectura del pasado, est\u00e1n en su derecho. La libertad no es condenar a quienes no creen que los desaparecidos fueron 30.000&#8243;.<\/p>\n\n\n\n<p><strong>Fuente: www.diariouno.com.ar<\/strong><\/p>\n","protected":false},"excerpt":{"rendered":"<p>Patricia Bullrich\u00a0est\u00e1 en Mendoza y entre las actividades que desarroll\u00f3 este lunes estuvo una visita al\u00a0Banco de Huellas Gen\u00e9ticas\u00a0de la provincia. Lo hizo un d\u00eda antes de que la C\u00e1mara de Diputados del Congreso de la Naci\u00f3n debata la aplicaci\u00f3n de una tecnolog\u00eda similar en todo el pa\u00eds. En ese panorama, la utilizaci\u00f3n de&nbsp;an\u00e1lisis gen\u00e9tico&nbsp;para [&hellip;]<\/p>\n","protected":false},"author":2,"featured_media":8825,"comment_status":"open","ping_status":"open","sticky":false,"template":"","format":"standard","meta":[],"categories":[47],"tags":[],"_links":{"self":[{"href":"https:\/\/pasaenmendoza.com\/index.php?rest_route=\/wp\/v2\/posts\/8824"}],"collection":[{"href":"https:\/\/pasaenmendoza.com\/index.php?rest_route=\/wp\/v2\/posts"}],"about":[{"href":"https:\/\/pasaenmendoza.com\/index.php?rest_route=\/wp\/v2\/types\/post"}],"author":[{"embeddable":true,"href":"https:\/\/pasaenmendoza.com\/index.php?rest_route=\/wp\/v2\/users\/2"}],"replies":[{"embeddable":true,"href":"https:\/\/pasaenmendoza.com\/index.php?rest_route=%2Fwp%2Fv2%2Fcomments&post=8824"}],"version-history":[{"count":1,"href":"https:\/\/pasaenmendoza.com\/index.php?rest_route=\/wp\/v2\/posts\/8824\/revisions"}],"predecessor-version":[{"id":8826,"href":"https:\/\/pasaenmendoza.com\/index.php?rest_route=\/wp\/v2\/posts\/8824\/revisions\/8826"}],"wp:featuredmedia":[{"embeddable":true,"href":"https:\/\/pasaenmendoza.com\/index.php?rest_route=\/wp\/v2\/media\/8825"}],"wp:attachment":[{"href":"https:\/\/pasaenmendoza.com\/index.php?rest_route=%2Fwp%2Fv2%2Fmedia&parent=8824"}],"wp:term":[{"taxonomy":"category","embeddable":true,"href":"https:\/\/pasaenmendoza.com\/index.php?rest_route=%2Fwp%2Fv2%2Fcategories&post=8824"},{"taxonomy":"post_tag","embeddable":true,"href":"https:\/\/pasaenmendoza.com\/index.php?rest_route=%2Fwp%2Fv2%2Ftags&post=8824"}],"curies":[{"name":"wp","href":"https:\/\/api.w.org\/{rel}","templated":true}]}}