{"id":8830,"date":"2024-08-06T00:27:10","date_gmt":"2024-08-05T22:27:10","guid":{"rendered":"https:\/\/pasaenmendoza.com\/?p=8830"},"modified":"2024-08-06T00:27:11","modified_gmt":"2024-08-05T22:27:11","slug":"asi-estara-el-tiempo-en-mendoza-durante-los-proximos-dias-y-que-pasara-con-el-paso-a-chile","status":"publish","type":"post","link":"https:\/\/pasaenmendoza.com\/?p=8830","title":{"rendered":"As\u00ed estar\u00e1 el tiempo en Mendoza durante los pr\u00f3ximos d\u00edas y qu\u00e9 pasar\u00e1 con el Paso a Chile"},"content":{"rendered":"\n<p>Atenci\u00f3n: as\u00ed estar\u00e1 el&nbsp;<strong>tiempo<\/strong>&nbsp;en&nbsp;<strong>Mendoza<\/strong>&nbsp;durante los pr\u00f3ximos d\u00edas y qu\u00e9 pasar\u00e1 con el P<strong>aso a Chile.<\/strong><\/p>\n\n\n\n<p><strong>Lunes 05-08-2024<\/strong><\/p>\n\n\n\n<p>El inicio de la semana en Mendoza se presenta algo nublado con un leve ascenso de la temperatura. Se esperan vientos leves del noreste y heladas parciales. En la cordillera, se prev\u00e9n nevadas, lo que podr\u00eda afectar el Paso a Chile. La temperatura m\u00e1xima alcanzar\u00e1 los 20\u00baC y la m\u00ednima los 4\u00baC.<\/p>\n\n\n\n<p><strong>Martes 06-08-2024<\/strong><\/p>\n\n\n\n<p>El martes se caracterizar\u00e1 por estar mayormente nublado y ventoso, con un descenso notable de la temperatura. Habr\u00e1 precipitaciones aisladas y vientos moderados del sudeste. En la cordillera, las nevadas continuar\u00e1n debido al ingreso de un frente fr\u00edo. La m\u00e1xima ser\u00e1 de 13\u00baC y la m\u00ednima de 4\u00baC.<\/p>\n\n\n\n<p><strong>Mi\u00e9rcoles 07-08-2024<\/strong><\/p>\n\n\n\n<p>El mi\u00e9rcoles se espera un d\u00eda mayormente nublado y fr\u00edo, con vientos moderados del sudeste. Sin embargo, durante la tarde, las condiciones comenzar\u00e1n a mejorar. La temperatura m\u00e1xima ser\u00e1 de 11\u00baC y la m\u00ednima de 3\u00baC.<\/p>\n\n\n\n<p><strong>Jueves 08-08-2024<\/strong><\/p>\n\n\n\n<p>El jueves, la nubosidad ser\u00e1 escasa, aunque se mantendr\u00e1n las heladas matutinas. Se prev\u00e9 un ascenso de la temperatura con vientos leves del noreste. La m\u00e1xima llegar\u00e1 a los 14\u00baC y la m\u00ednima descender\u00e1 a 0\u00baC.<\/p>\n\n\n\n<p><strong>Viernes 09-08-2024<\/strong><\/p>\n\n\n\n<p>Para el viernes, se espera poca nubosidad con heladas y un ascenso de la temperatura. Los vientos ser\u00e1n moderados del noreste. La temperatura m\u00e1xima ser\u00e1 de 17\u00baC y la m\u00ednima de 1\u00baC.<\/p>\n\n\n\n<p><strong>Paso a Chile<\/strong><\/p>\n\n\n\n<p>Las nevadas en la cordillera previstas para el lunes y martes podr\u00edan afectar el tr\u00e1nsito por el\u00a0<strong>Paso a Chile<\/strong>. Se recomienda a los viajeros estar atentos a los informes de las autoridades y prever posibles cierres temporales debido a las condiciones meteorol\u00f3gicas adversas.<\/p>\n\n\n\n<p><strong>Fuente: diariomendoza.com.ar<\/strong><\/p>\n","protected":false},"excerpt":{"rendered":"<p>Atenci\u00f3n: as\u00ed estar\u00e1 el&nbsp;tiempo&nbsp;en&nbsp;Mendoza&nbsp;durante los pr\u00f3ximos d\u00edas y qu\u00e9 pasar\u00e1 con el Paso a Chile. Lunes 05-08-2024 El inicio de la semana en Mendoza se presenta algo nublado con un leve ascenso de la temperatura. Se esperan vientos leves del noreste y heladas parciales. En la cordillera, se prev\u00e9n nevadas, lo que podr\u00eda afectar el [&hellip;]<\/p>\n","protected":false},"author":2,"featured_media":8831,"comment_status":"open","ping_status":"open","sticky":false,"template":"","format":"standard","meta":[],"categories":[52],"tags":[],"_links":{"self":[{"href":"https:\/\/pasaenmendoza.com\/index.php?rest_route=\/wp\/v2\/posts\/8830"}],"collection":[{"href":"https:\/\/pasaenmendoza.com\/index.php?rest_route=\/wp\/v2\/posts"}],"about":[{"href":"https:\/\/pasaenmendoza.com\/index.php?rest_route=\/wp\/v2\/types\/post"}],"author":[{"embeddable":true,"href":"https:\/\/pasaenmendoza.com\/index.php?rest_route=\/wp\/v2\/users\/2"}],"replies":[{"embeddable":true,"href":"https:\/\/pasaenmendoza.com\/index.php?rest_route=%2Fwp%2Fv2%2Fcomments&post=8830"}],"version-history":[{"count":1,"href":"https:\/\/pasaenmendoza.com\/index.php?rest_route=\/wp\/v2\/posts\/8830\/revisions"}],"predecessor-version":[{"id":8832,"href":"https:\/\/pasaenmendoza.com\/index.php?rest_route=\/wp\/v2\/posts\/8830\/revisions\/8832"}],"wp:featuredmedia":[{"embeddable":true,"href":"https:\/\/pasaenmendoza.com\/index.php?rest_route=\/wp\/v2\/media\/8831"}],"wp:attachment":[{"href":"https:\/\/pasaenmendoza.com\/index.php?rest_route=%2Fwp%2Fv2%2Fmedia&parent=8830"}],"wp:term":[{"taxonomy":"category","embeddable":true,"href":"https:\/\/pasaenmendoza.com\/index.php?rest_route=%2Fwp%2Fv2%2Fcategories&post=8830"},{"taxonomy":"post_tag","embeddable":true,"href":"https:\/\/pasaenmendoza.com\/index.php?rest_route=%2Fwp%2Fv2%2Ftags&post=8830"}],"curies":[{"name":"wp","href":"https:\/\/api.w.org\/{rel}","templated":true}]}}