{"id":8833,"date":"2024-08-06T23:58:56","date_gmt":"2024-08-06T21:58:56","guid":{"rendered":"https:\/\/pasaenmendoza.com\/?p=8833"},"modified":"2024-08-07T00:00:00","modified_gmt":"2024-08-06T22:00:00","slug":"la-ucr-y-el-pj-negocian-dos-reformas-de-la-constitucion-en-el-senado-de-mendoza","status":"publish","type":"post","link":"https:\/\/pasaenmendoza.com\/?p=8833","title":{"rendered":"La UCR y el PJ negocian dos reformas de la Constituci\u00f3n en el Senado de Mendoza"},"content":{"rendered":"\n<p>Es&nbsp;<strong>posible que el 2024 sea &#8220;el a\u00f1o&#8221; para avanzar en reformas constitucionales en la&nbsp;Legislatura de Mendoza<\/strong>. Cambia Mendoza y el PJ est\u00e1n negociando la enmienda de dos art\u00edculos de la Constituci\u00f3n Provincial: uno para lograr el Equilibrio Fiscal -presentado por el radicalismo- y otro para conseguir la Autonom\u00eda Municipal, de autor\u00eda del PJ.<\/p>\n\n\n\n<p><strong>Para que ambos proyectos prosperen, el PJ y Cambia Mendoza se necesitan<\/strong>&nbsp;ya que para las reformas de la Constituci\u00f3n se requieren mayor\u00edas especiales. La negociaci\u00f3n podr\u00eda avanzar en este sentido para que ambas reformas se puedan someter a refer\u00e9ndum en el pr\u00f3ximo proceso electoral, las legislativas del 2025.<\/p>\n\n\n\n<p>Todo parece cerrar para que durante este periodo legislativo se apruebe una de las reformas, y apenas comience el pr\u00f3ximo, se le d\u00e9 sanci\u00f3n a la otra. Sin embargo, a\u00fan queda mucho para debatir en la Legislatura.<\/p>\n\n\n\n<h2 class=\"wp-block-heading\">El equilibrio fiscal que quieren los radicales<\/h2>\n\n\n\n<p>El<strong>&nbsp;bloque de la UCR en el Senado present\u00f3 un proyecto para reformar el art\u00edculo 42 de la Carta Magna provincial<\/strong>&nbsp;y darle rango constitucional al equilibrio fiscal. Lo que se busca es el&nbsp;<strong>equilibrio entre los ingresos y gastos<\/strong>, tanto en el presupuesto provincial como en los presupuestos de los municipios.<\/p>\n\n\n\n<p>Por otro lado, tambi\u00e9n plantea que tanto la provincia como las comunas no tomen nuevas cargas sin que est\u00e9 detallado c\u00f3mo ser\u00e1 el financiamiento. Es decir que cualquier nueva normativa debe determinar de d\u00f3nde provendr\u00e1n los recursos para hacerla efectiva.<\/p>\n\n\n\n<p>As\u00ed lo explic\u00f3 la abogada constitucionalista Gabriela \u00c1balos en el Senado. El objetivo que se persigue es que la Constituci\u00f3n garantice que el Estado no va a gastar m\u00e1s de lo que recauda y que esto sea considerado como un derecho econ\u00f3mico de los ciudadanos.<\/p>\n\n\n\n<p>Con esta normativa, el Estado tiene que manejar de manera m\u00e1s eficiente los recursos.<\/p>\n\n\n\n<h2 class=\"wp-block-heading\">La autonom\u00eda municipal que buscan los peronistas<\/h2>\n\n\n\n<p>En cuanto al<strong>&nbsp;proyecto presentado por el bloque de senadores justicialistas,<\/strong>&nbsp;la presidenta de ese cuerpo, Adriana Cano, explic\u00f3 que la i<strong>ntenci\u00f3n<\/strong>&nbsp;del peronismo es que los&nbsp;<strong>municipios logren una autonom\u00eda. Para esto, se debe modificar el art\u00edculo 199 de la Constituci\u00f3n de Mendoza.<\/strong><\/p>\n\n\n\n<p>Cano explic\u00f3 que &#8220;creemos que es importante plantear esta tem\u00e1tica, por c\u00f3mo han crecido las responsabilidades municipales frente a las problem\u00e1ticas sociales y cada cosa que debe hacer un municipio tiene que pasar por la aprobaci\u00f3n del Ejecutivo, en lugar de tener un paraguas mucho m\u00e1s amplio que le permita avanzar en responsabilidades y atribuciones, si la autonom\u00eda municipal estuviera reconocida en la Constituci\u00f3n&#8221;.<\/p>\n\n\n\n<p>Cano manifest\u00f3 adem\u00e1s, que ya est\u00e1n en conversaciones con los intendentes, y que lo que buscan es reunirse con la mayor\u00eda para presentarles el proyecto.<\/p>\n\n\n\n<p>A partir del pr\u00f3ximo mi\u00e9rcoles, esta iniciativa ser\u00e1 presentada en la Comisi\u00f3n de Legislaci\u00f3n y Asuntos Constitucionales del Senado, as\u00ed como sucedi\u00f3 con la de equilibrio fiscal.<\/p>\n\n\n\n<h2 class=\"wp-block-heading\">Las cr\u00edticas de Ulpiano Suarez<\/h2>\n\n\n\n<p><strong>El intendente radical de la Ciudad, Ulpiano Suarez, dej\u00f3 asentada su postura al respecto de la reforma que propuso el PJ<\/strong>&nbsp;y as\u00ed lo manifest\u00f3 en su perfil de la red social X.<\/p>\n\n\n\n<p>La frase&nbsp;<strong>&#8220;autonom\u00eda s\u00ed, oportunismo no&#8221;&nbsp;<\/strong>resume la postura del intendente, quien critic\u00f3 al PJ porque cuando Rodolfo Suarez present\u00f3 la reforma istitucional -que entre otros temas, inclu\u00eda la autonom\u00eda municipal- los peronistas no quisieron acompa\u00f1arla.<\/p>\n\n\n\n<p><strong>En su momento, el PJ no acompa\u00f1\u00f3 la iniciativa de Suarez<\/strong>, porque sumaba la posibilidad de modificar la composici\u00f3n legislativa y convertirla en unicameral. Esto, seg\u00fan opinaban, le quitaba representatividad a las minor\u00edas y no contribu\u00eda demasiado a achicar el gasto p\u00fablico.<\/p>\n\n\n\n<p>Consultada por la cr\u00edtica de Ulpiano Suarez al proyecto del PJ, Adriana Cano sostuvo: &#8220;No s\u00e9 si el intendente sabe que el radicalismo tambi\u00e9n present\u00f3 un pedido de reforma constitucional&#8221;.<\/p>\n\n\n\n<p><strong>Fuente: www.diariouno.com.ar<\/strong><\/p>\n","protected":false},"excerpt":{"rendered":"<p>Es&nbsp;posible que el 2024 sea &#8220;el a\u00f1o&#8221; para avanzar en reformas constitucionales en la&nbsp;Legislatura de Mendoza. Cambia Mendoza y el PJ est\u00e1n negociando la enmienda de dos art\u00edculos de la Constituci\u00f3n Provincial: uno para lograr el Equilibrio Fiscal -presentado por el radicalismo- y otro para conseguir la Autonom\u00eda Municipal, de autor\u00eda del PJ. Para que [&hellip;]<\/p>\n","protected":false},"author":2,"featured_media":8834,"comment_status":"open","ping_status":"open","sticky":false,"template":"","format":"standard","meta":[],"categories":[47],"tags":[],"_links":{"self":[{"href":"https:\/\/pasaenmendoza.com\/index.php?rest_route=\/wp\/v2\/posts\/8833"}],"collection":[{"href":"https:\/\/pasaenmendoza.com\/index.php?rest_route=\/wp\/v2\/posts"}],"about":[{"href":"https:\/\/pasaenmendoza.com\/index.php?rest_route=\/wp\/v2\/types\/post"}],"author":[{"embeddable":true,"href":"https:\/\/pasaenmendoza.com\/index.php?rest_route=\/wp\/v2\/users\/2"}],"replies":[{"embeddable":true,"href":"https:\/\/pasaenmendoza.com\/index.php?rest_route=%2Fwp%2Fv2%2Fcomments&post=8833"}],"version-history":[{"count":2,"href":"https:\/\/pasaenmendoza.com\/index.php?rest_route=\/wp\/v2\/posts\/8833\/revisions"}],"predecessor-version":[{"id":8837,"href":"https:\/\/pasaenmendoza.com\/index.php?rest_route=\/wp\/v2\/posts\/8833\/revisions\/8837"}],"wp:featuredmedia":[{"embeddable":true,"href":"https:\/\/pasaenmendoza.com\/index.php?rest_route=\/wp\/v2\/media\/8834"}],"wp:attachment":[{"href":"https:\/\/pasaenmendoza.com\/index.php?rest_route=%2Fwp%2Fv2%2Fmedia&parent=8833"}],"wp:term":[{"taxonomy":"category","embeddable":true,"href":"https:\/\/pasaenmendoza.com\/index.php?rest_route=%2Fwp%2Fv2%2Fcategories&post=8833"},{"taxonomy":"post_tag","embeddable":true,"href":"https:\/\/pasaenmendoza.com\/index.php?rest_route=%2Fwp%2Fv2%2Ftags&post=8833"}],"curies":[{"name":"wp","href":"https:\/\/api.w.org\/{rel}","templated":true}]}}