{"id":8838,"date":"2024-08-07T00:03:54","date_gmt":"2024-08-06T22:03:54","guid":{"rendered":"https:\/\/pasaenmendoza.com\/?p=8838"},"modified":"2024-08-07T00:03:55","modified_gmt":"2024-08-06T22:03:55","slug":"tras-eliminar-la-exclusividad-de-la-sube-que-medios-de-pago-se-usaran-en-mendoza","status":"publish","type":"post","link":"https:\/\/pasaenmendoza.com\/?p=8838","title":{"rendered":"Tras eliminar la exclusividad de la SUBE, qu\u00e9 medios de pago se usar\u00e1n en Mendoza"},"content":{"rendered":"\n<p>Este martes, el Gobierno nacional hizo p\u00fablica la\u00a0<strong>eliminaci\u00f3n de la exclusividad de la tarjeta SUBE<\/strong>\u00a0para el pago del\u00a0<strong>transporte p\u00fablico\u00a0<\/strong>y habilit\u00f3 la posibilidad de abonar los pasajes con\u00a0<strong>cualquier medio de pago electr\u00f3nico<\/strong>.<\/p>\n\n\n\n<p>La medida fue anunciada en el Bolet\u00edn Oficial y de acuerdo con lo informado por las autoridades de\u00a0<strong>Transporte de Mendoza<\/strong>, en la provincia,\u00a0la puesta en marcha ser\u00e1 paulatina\u00a0e\u00a0<strong>incluir\u00e1 diferentes medios de pago como tarjetas de d\u00e9bito, cr\u00e9dito y billeteras electr\u00f3nicas.<\/strong><\/p>\n\n\n\n<p>\u201cEs un tema que ven\u00edamos solicitando desde el a\u00f1o pasado a&nbsp;Naci\u00f3n Servicios, la empresa&nbsp;operadora del Sistema&nbsp;\u00danico de Boleto Electr\u00f3nico (SUBE), entendiendo que puede ser un beneficio importante para los usuarios,&nbsp;ya que al ampliar los medios de pago, el usuario no queda atrapado en los servicios de la SUBE, sino que tiene otros medios de pago\u201d , coment\u00f3&nbsp;<strong>Luis Borrego<\/strong>, subsecretario de Transporte.<\/p>\n\n\n\n<h2 class=\"wp-block-heading\" id=\"h-como-se-aplicara-la-modalidad-en-mendoza\">C\u00f3mo se aplicar\u00e1 la modalidad en Mendoza<\/h2>\n\n\n\n<p>Tras la formalizaci\u00f3n de la normativa, se conoci\u00f3 que&nbsp;<strong>la actual tarjeta SUBE no dejar\u00e1 de existir<\/strong>, sino que convivir\u00e1 con las nuevas opciones de pago.<\/p>\n\n\n\n<p>\u201cLa puesta en marcha en las unidades locales llevar\u00e1 tiempo, no ser\u00e1 de un d\u00eda para el otro, sino algo paulatino. Es muy probable que entre finales de este a\u00f1o y comienzos del 2025, el sistema ya est\u00e9 operativo en todas las unidades no s\u00f3lo de Mendoza, sino del pa\u00eds\u201d, asegur\u00f3 el funcionario.<\/p>\n\n\n\n<p>A la hora de dar brindar detalles del funcionamiento, el subsecretario de Transporte expres\u00f3 que \u201cprobablemente se requiera una adecuaci\u00f3n de las expendedoras.\u201d<\/p>\n\n\n\n<p>\u201cHabr\u00e1 que ver cu\u00e1les son los medios de pago habilitados y a partir de eso determinar si el pago se efectuar\u00e1 con las m\u00e1quinas actuales o ser\u00e1 necesario implementar nuevas validadoras. Es todo muy reciente\u201d, agreg\u00f3.<\/p>\n\n\n\n<h2 class=\"wp-block-heading\" id=\"h-mas-controles-en-las-unidades\">M\u00e1s controles en las unidades<\/h2>\n\n\n\n<p>Pese a los\u00a0aumentos que ha sufrido el pasaje del transporte p\u00fablico que, en la actualidad, tiene un costo de 650 pesos,\u00a0Borrego asegur\u00f3 que\u00a0<strong>el incumplimiento por parte de los usuarios a la hora de abonar el pasaje es m\u00ednimo<\/strong>, est\u00e1 dentro de los valores normales.<\/p>\n\n\n\n<p><em>\u201cDe acuerdo con los registros oficiales, la cantidad de personas que se transporta en el sistema sin abonar ronda entre el 3% y 4%, muy por debajo de las cifras que se observan en otras provincias\u201d<\/em>, manifest\u00f3 Borrego.<\/p>\n\n\n\n<p>Pese a ello, las autoridades de Transporte han implementado nuevas herramientas para lograr un mayor control. Asimismo, el funcionario agreg\u00f3 que \u201cse est\u00e1n realizando entre 1.500 y 2.000 controles de tarjetas por d\u00eda, esto es un valor muy importante\u201d.<\/p>\n\n\n\n<p>\u201cHemos detectado muchos casos en los que los pasajeros no pagan el servicio teniendo saldo suficiente en su tarjeta. Es la t\u00edpica avivada y consideramos que con la presencia de m\u00e1s controles y nuevas herramientas la gente se concientizar\u00e1 y las cifras disminuir\u00e1n\u201d, concluy\u00f3.<\/p>\n\n\n\n<p><strong>Fuente: www.elsol.com.ar<\/strong><\/p>\n","protected":false},"excerpt":{"rendered":"<p>Este martes, el Gobierno nacional hizo p\u00fablica la\u00a0eliminaci\u00f3n de la exclusividad de la tarjeta SUBE\u00a0para el pago del\u00a0transporte p\u00fablico\u00a0y habilit\u00f3 la posibilidad de abonar los pasajes con\u00a0cualquier medio de pago electr\u00f3nico. La medida fue anunciada en el Bolet\u00edn Oficial y de acuerdo con lo informado por las autoridades de\u00a0Transporte de Mendoza, en la provincia,\u00a0la puesta [&hellip;]<\/p>\n","protected":false},"author":2,"featured_media":8839,"comment_status":"open","ping_status":"open","sticky":false,"template":"","format":"standard","meta":[],"categories":[80],"tags":[],"_links":{"self":[{"href":"https:\/\/pasaenmendoza.com\/index.php?rest_route=\/wp\/v2\/posts\/8838"}],"collection":[{"href":"https:\/\/pasaenmendoza.com\/index.php?rest_route=\/wp\/v2\/posts"}],"about":[{"href":"https:\/\/pasaenmendoza.com\/index.php?rest_route=\/wp\/v2\/types\/post"}],"author":[{"embeddable":true,"href":"https:\/\/pasaenmendoza.com\/index.php?rest_route=\/wp\/v2\/users\/2"}],"replies":[{"embeddable":true,"href":"https:\/\/pasaenmendoza.com\/index.php?rest_route=%2Fwp%2Fv2%2Fcomments&post=8838"}],"version-history":[{"count":1,"href":"https:\/\/pasaenmendoza.com\/index.php?rest_route=\/wp\/v2\/posts\/8838\/revisions"}],"predecessor-version":[{"id":8840,"href":"https:\/\/pasaenmendoza.com\/index.php?rest_route=\/wp\/v2\/posts\/8838\/revisions\/8840"}],"wp:featuredmedia":[{"embeddable":true,"href":"https:\/\/pasaenmendoza.com\/index.php?rest_route=\/wp\/v2\/media\/8839"}],"wp:attachment":[{"href":"https:\/\/pasaenmendoza.com\/index.php?rest_route=%2Fwp%2Fv2%2Fmedia&parent=8838"}],"wp:term":[{"taxonomy":"category","embeddable":true,"href":"https:\/\/pasaenmendoza.com\/index.php?rest_route=%2Fwp%2Fv2%2Fcategories&post=8838"},{"taxonomy":"post_tag","embeddable":true,"href":"https:\/\/pasaenmendoza.com\/index.php?rest_route=%2Fwp%2Fv2%2Ftags&post=8838"}],"curies":[{"name":"wp","href":"https:\/\/api.w.org\/{rel}","templated":true}]}}