{"id":884,"date":"2023-08-23T16:52:00","date_gmt":"2023-08-23T14:52:00","guid":{"rendered":"https:\/\/pasaenmendoza.com\/?p=884"},"modified":"2023-08-23T16:52:01","modified_gmt":"2023-08-23T14:52:01","slug":"rodolfo-suarez-pidio-desestimar-las-amenazas-y-los-rumores-sobre-los-falsos-saqueos","status":"publish","type":"post","link":"https:\/\/pasaenmendoza.com\/?p=884","title":{"rendered":"Rodolfo Suarez pidi\u00f3 &#8220;desestimar las amenazas y los rumores&#8221; sobre los falsos saqueos"},"content":{"rendered":"\n<p><strong>Rodolfo Suarez<\/strong>\u00a0pidi\u00f3 a los mendocinos &#8220;desestimar las amenazas y los rumores&#8221; que\u00a0se viralizan por las redes sociales y por WhatsApp sobre<strong>\u00a0falsos saqueos<\/strong>, que se difunden con el fin de &#8220;generar caos&#8221;.<\/p>\n\n\n\n<p>El gobernador de Mendoza habl\u00f3 por Twitter luego de que se generara una psicosis infundada que llev\u00f3 a\u00a0comerciantes del microcentro a cerrar sus puertas. Este temor surgi\u00f3 a partir de audios de WhatsApp que falsamente informaban sobre la concreci\u00f3n de saqueos en locales y colectivos.<\/p>\n\n\n\n<p>Por prevenci\u00f3n y para llevar tranquilidad a la poblaci\u00f3n, el Ministerio de Seguridad despleg\u00f3 2.500 polic\u00edas en la Provincia.<\/p>\n\n\n\n<h2 class=\"wp-block-heading\">La palabra de Rodolfo Suarez sobre los falsos saqueos<\/h2>\n\n\n\n<p>&#8220;A la luz de los hechos deliberados y de las cadenas de mensajes falsas e infundadas que buscan alterar el orden p\u00fablico, reafirmo con contundencia que en Mendoza no da lo mismo estar del lado de la decencia que del lado del delito&#8221;, dijo el gobernador encabezando un hilo de Twitter.<\/p>\n\n\n\n<p>&#8220;Actuaremos con todo el rigor de la ley para defender la tranquilidad de los mendocinos&#8221;, agreg\u00f3. &#8220;Esta es una advertencia firme para aquellos que quieran romper la paz p\u00fablica, sea de la forma que sea&#8221;, sum\u00f3 en consonancia con las palabras del ministro de Seguridad, Ra\u00fal Levrino, quien afirm\u00f3 que en Mendoza &#8220;el que roba, va preso&#8221;.<\/p>\n\n\n\n<p>&#8220;Ha quedado demostrada la gran capacidad profesional de nuestra polic\u00eda para desbaratar cualquier intento de desborde&#8221;, agreg\u00f3 sobre el accionar de las Fuerzas.<\/p>\n\n\n\n<p>&#8220;Insisto que, junto a ellos, vamos a ir hasta las \u00faltimas consecuencias contra los que alteraron o quieran alterar el orden y la paz social&#8221;, advirti\u00f3.<\/p>\n\n\n\n<h2 class=\"wp-block-heading\">El pedido a los mendocinos<\/h2>\n\n\n\n<p>&#8220;Pido a la gente de buena fe desestimar las amenazas y los rumores que se viralizan por WhatsApp y redes sociales, buscando generar caos&#8221;, solicit\u00f3 el gobernador Suarez.<\/p>\n\n\n\n<p>&#8220;Los aliento a reanudar con normalidad sus actividades, defendiendo los valores de la convivencia en paz&#8221;, sum\u00f3.<\/p>\n\n\n\n<p>En ese sentido, desde la DGE informaron que las clases se desarrollar\u00e1n con naturalidad este martes, mientras que el transporte p\u00fablico tampoco se ver\u00e1 alterado.<\/p>\n\n\n\n<p><strong>Fuente: www.diariouno.com.ar<\/strong><\/p>\n","protected":false},"excerpt":{"rendered":"<p>Rodolfo Suarez\u00a0pidi\u00f3 a los mendocinos &#8220;desestimar las amenazas y los rumores&#8221; que\u00a0se viralizan por las redes sociales y por WhatsApp sobre\u00a0falsos saqueos, que se difunden con el fin de &#8220;generar caos&#8221;. El gobernador de Mendoza habl\u00f3 por Twitter luego de que se generara una psicosis infundada que llev\u00f3 a\u00a0comerciantes del microcentro a cerrar sus puertas. [&hellip;]<\/p>\n","protected":false},"author":2,"featured_media":885,"comment_status":"open","ping_status":"open","sticky":false,"template":"","format":"standard","meta":[],"categories":[50],"tags":[],"_links":{"self":[{"href":"https:\/\/pasaenmendoza.com\/index.php?rest_route=\/wp\/v2\/posts\/884"}],"collection":[{"href":"https:\/\/pasaenmendoza.com\/index.php?rest_route=\/wp\/v2\/posts"}],"about":[{"href":"https:\/\/pasaenmendoza.com\/index.php?rest_route=\/wp\/v2\/types\/post"}],"author":[{"embeddable":true,"href":"https:\/\/pasaenmendoza.com\/index.php?rest_route=\/wp\/v2\/users\/2"}],"replies":[{"embeddable":true,"href":"https:\/\/pasaenmendoza.com\/index.php?rest_route=%2Fwp%2Fv2%2Fcomments&post=884"}],"version-history":[{"count":2,"href":"https:\/\/pasaenmendoza.com\/index.php?rest_route=\/wp\/v2\/posts\/884\/revisions"}],"predecessor-version":[{"id":887,"href":"https:\/\/pasaenmendoza.com\/index.php?rest_route=\/wp\/v2\/posts\/884\/revisions\/887"}],"wp:featuredmedia":[{"embeddable":true,"href":"https:\/\/pasaenmendoza.com\/index.php?rest_route=\/wp\/v2\/media\/885"}],"wp:attachment":[{"href":"https:\/\/pasaenmendoza.com\/index.php?rest_route=%2Fwp%2Fv2%2Fmedia&parent=884"}],"wp:term":[{"taxonomy":"category","embeddable":true,"href":"https:\/\/pasaenmendoza.com\/index.php?rest_route=%2Fwp%2Fv2%2Fcategories&post=884"},{"taxonomy":"post_tag","embeddable":true,"href":"https:\/\/pasaenmendoza.com\/index.php?rest_route=%2Fwp%2Fv2%2Ftags&post=884"}],"curies":[{"name":"wp","href":"https:\/\/api.w.org\/{rel}","templated":true}]}}