{"id":8841,"date":"2024-08-07T00:08:59","date_gmt":"2024-08-06T22:08:59","guid":{"rendered":"https:\/\/pasaenmendoza.com\/?p=8841"},"modified":"2024-08-07T00:09:00","modified_gmt":"2024-08-06T22:09:00","slug":"residencias-medicas-en-mendoza-el-100-de-los-postulantes-rindio-el-examen-final","status":"publish","type":"post","link":"https:\/\/pasaenmendoza.com\/?p=8841","title":{"rendered":"Residencias m\u00e9dicas: en Mendoza, el 100% de los postulantes rindi\u00f3 el examen final"},"content":{"rendered":"\n<p>Desde que asumi\u00f3 como ministro de Salud,\u00a0<strong>Rodolfo Montero<\/strong>, el Ejecutivo puso en marcha un\u00a0<strong>Plan de Salud\u00a0<\/strong>a aplicar. Dentro del proyecto, que incluy\u00f3 26 iniciativas, se plante\u00f3 la\u00a0modificaci\u00f3n de la Ley de Residencias\u00a0que gener\u00f3 un mayor inter\u00e9s por parte de los aspirantes.\u00a0<\/p>\n\n\n\n<p>Seg\u00fan datos oficiales, este a\u00f1o,&nbsp;<strong>hubo un 68,9% m\u00e1s de m\u00e9dicos interesados en la postulaci\u00f3n;&nbsp;<\/strong>de ese total,&nbsp;<strong>el 100% de los aspirantes se present\u00f3 a dar el examen<\/strong>&nbsp;<strong>final<\/strong>, un hecho in\u00e9dito en la provincia.<\/p>\n\n\n\n<p>Un dato a tener en cuenta es que&nbsp;<strong>en los \u00faltimos a\u00f1os, s\u00f3lo el 50% de los egresados de Medicina aspiraban a la residencia<\/strong>.<\/p>\n\n\n\n<p><em>\u201cEn un principio, fueron 515 los estudiantes que se inscribieron para alcanzar su residencia, pero luego la cifra creci\u00f3 a 517. Este n\u00famero es significativo frente a los 305 que lo hicieron en el 2023\u201d<\/em>, expres\u00f3&nbsp;<strong>Ornella Allegretti<\/strong>, responsable de Personal del Ministerio de Salud de Mendoza.<\/p>\n\n\n\n<p>Si bien esta semana se comienza con el proceso de adjudicaci\u00f3n de Residencias, se conoci\u00f3 que las especialidades que m\u00e1s inscripciones tuvieron dentro de las promocionadas fueron Pediatr\u00eda y Cl\u00ednica M\u00e9dica.<\/p>\n\n\n\n<h2 class=\"wp-block-heading\" id=\"h-detalles-de-la-residencia-2024\">Detalles de la Residencia 2024<\/h2>\n\n\n\n<p>Tal como ocurri\u00f3 en el 2023, este a\u00f1o no se hizo un \u201ccorte\u201d sino que se confeccion\u00f3&nbsp;<strong>un orden de m\u00e9rito<\/strong>&nbsp;con todos los aspirantes adentro. Es decir que no hubo reprobados, sino solamente personas con peor nota, quienes&nbsp;<strong>no tendr\u00e1n la libertad de elegir la residencia que quer\u00edan hacer<\/strong>.&nbsp;<\/p>\n\n\n\n<p><strong>En Mendoza se concursaron 290 plazas&nbsp;<\/strong>para residencias de primero y segundo nivel. El distrito financia cerca de 200 plazas en el sector p\u00fablico y en el privado; el resto lo hace el gobierno nacional.<\/p>\n\n\n\n<p>Respecto a las principales adjudicaciones que se tienen previsto otorgar a fines de este mes, incluso, el mes que vienen, Allegretti detall\u00f3:<\/p>\n\n\n\n<ul>\n<li>En&nbsp;<strong>Pediatr\u00eda y Neonatolog\u00eda<\/strong>&nbsp;este a\u00f1o se adjudicar\u00e1n al menos 28 cargos (en el 2023 se otorgaron 17 cupos).<\/li>\n\n\n\n<li>En&nbsp;<strong>Terapia Intensiva<\/strong>&nbsp;se adjudicar\u00e1n al menos 10 cupos (en el 2023 se adjudicaron 6).<\/li>\n\n\n\n<li>En&nbsp;<strong>Cl\u00ednica M\u00e9dica<\/strong>&nbsp;se otorgar\u00e1n al menos 21 cargos (en el 2023 se adjudicaron 18).<\/li>\n\n\n\n<li>En&nbsp;<strong>Medicina de Familia<\/strong>&nbsp;se adjudicar\u00e1n al menos 12 cargos (en 2023 se otorgaron 4).<\/li>\n<\/ul>\n\n\n\n<h2 class=\"wp-block-heading\" id=\"h-ley-de-residencia\">Ley de residencia<\/h2>\n\n\n\n<p>El hecho de que el n\u00famero de aspirantes a las\u00a0Residencias m\u00e9dicas 2024\u00a0creciera considerablemente no es azaroso, sino que a diferencia de los a\u00f1os anteriores, los postulantes lo hicieron motivados por una serie de modificaciones acad\u00e9micas y econ\u00f3micas.<\/p>\n\n\n\n<p>Y es que con la nueva Ley 9526&nbsp;<strong>no s\u00f3lo se acorta la formaci\u00f3n, manteniendo el nivel de calidad, sino que se les posibilita un pago adicional<\/strong>&nbsp;a aquellos profesionales que se especialicen en las residencias consideradas cr\u00edticas.<\/p>\n\n\n\n<p>De este modo, el monto que este a\u00f1o percibir\u00e1n<strong>&nbsp;los que realicen las residencias asciende a 610.000 pesos<\/strong>&nbsp;(en el 2023, el importe era de 465.000 pesos).<\/p>\n\n\n\n<p>En tanto, los que se especialicen en las llamadas\u00a0<strong>Residencias Promovidas<\/strong>\u00a0(Cl\u00ednica M\u00e9dica, Pediatr\u00eda, Terapia Intensiva, Emergentolog\u00eda, Tocoginecolog\u00eda, Anatom\u00eda Patol\u00f3gica, Psiquiatr\u00eda, Psicolog\u00eda o Medicina de Familia)\u00a0<strong>el importe a percibir ser\u00e1 de 810.000 pesos.<\/strong><\/p>\n\n\n\n<p><strong>Fuente: www.elsol.com.ar<\/strong><\/p>\n","protected":false},"excerpt":{"rendered":"<p>Desde que asumi\u00f3 como ministro de Salud,\u00a0Rodolfo Montero, el Ejecutivo puso en marcha un\u00a0Plan de Salud\u00a0a aplicar. Dentro del proyecto, que incluy\u00f3 26 iniciativas, se plante\u00f3 la\u00a0modificaci\u00f3n de la Ley de Residencias\u00a0que gener\u00f3 un mayor inter\u00e9s por parte de los aspirantes.\u00a0 Seg\u00fan datos oficiales, este a\u00f1o,&nbsp;hubo un 68,9% m\u00e1s de m\u00e9dicos interesados en la postulaci\u00f3n;&nbsp;de [&hellip;]<\/p>\n","protected":false},"author":2,"featured_media":8842,"comment_status":"open","ping_status":"open","sticky":false,"template":"","format":"standard","meta":[],"categories":[58],"tags":[],"_links":{"self":[{"href":"https:\/\/pasaenmendoza.com\/index.php?rest_route=\/wp\/v2\/posts\/8841"}],"collection":[{"href":"https:\/\/pasaenmendoza.com\/index.php?rest_route=\/wp\/v2\/posts"}],"about":[{"href":"https:\/\/pasaenmendoza.com\/index.php?rest_route=\/wp\/v2\/types\/post"}],"author":[{"embeddable":true,"href":"https:\/\/pasaenmendoza.com\/index.php?rest_route=\/wp\/v2\/users\/2"}],"replies":[{"embeddable":true,"href":"https:\/\/pasaenmendoza.com\/index.php?rest_route=%2Fwp%2Fv2%2Fcomments&post=8841"}],"version-history":[{"count":1,"href":"https:\/\/pasaenmendoza.com\/index.php?rest_route=\/wp\/v2\/posts\/8841\/revisions"}],"predecessor-version":[{"id":8843,"href":"https:\/\/pasaenmendoza.com\/index.php?rest_route=\/wp\/v2\/posts\/8841\/revisions\/8843"}],"wp:featuredmedia":[{"embeddable":true,"href":"https:\/\/pasaenmendoza.com\/index.php?rest_route=\/wp\/v2\/media\/8842"}],"wp:attachment":[{"href":"https:\/\/pasaenmendoza.com\/index.php?rest_route=%2Fwp%2Fv2%2Fmedia&parent=8841"}],"wp:term":[{"taxonomy":"category","embeddable":true,"href":"https:\/\/pasaenmendoza.com\/index.php?rest_route=%2Fwp%2Fv2%2Fcategories&post=8841"},{"taxonomy":"post_tag","embeddable":true,"href":"https:\/\/pasaenmendoza.com\/index.php?rest_route=%2Fwp%2Fv2%2Ftags&post=8841"}],"curies":[{"name":"wp","href":"https:\/\/api.w.org\/{rel}","templated":true}]}}