{"id":8848,"date":"2024-08-07T23:01:45","date_gmt":"2024-08-07T21:01:45","guid":{"rendered":"https:\/\/pasaenmendoza.com\/?p=8848"},"modified":"2024-08-07T23:01:46","modified_gmt":"2024-08-07T21:01:46","slug":"vargas-arizu-confirmo-fondos-para-combatir-la-lobesia-botrana-y-prometio-tranquilidad-a-los-productores","status":"publish","type":"post","link":"https:\/\/pasaenmendoza.com\/?p=8848","title":{"rendered":"Vargas Arizu confirm\u00f3 fondos para combatir la lobesia botrana y prometi\u00f3 &#8220;tranquilidad&#8221; a los productores"},"content":{"rendered":"\n<p>El ministro de la Producci\u00f3n,\u00a0<strong>Rodolfo Vargas Arizu<\/strong>, asegur\u00f3 que la provincia est\u00e1 buscando los fondos para el combate de la\u00a0<strong>lobesia botrana\u00a0<\/strong>y destac\u00f3: &#8220;<strong>la fumigaci\u00f3n la vamos a hacer en tiempo y forma<\/strong>\u00a0y luego vamos a profundizar en las \u00e1reas de mayor riesgo, como es el Este&#8221;.<\/p>\n\n\n\n<p>Recalc\u00f3 que los cambios en la lucha antigranizo, y otras transformaciones con el cierre del Instituto de Desarrollo Rural (IDR) &#8220;<strong>se hicieron para que los fondos sean volcados a otras \u00e1reas<\/strong>\u00a0y de manera directa, sin intermediarios&#8221;.<\/p>\n\n\n\n<p>El funcionario de la cartera de Producci\u00f3n no explic\u00f3 cu\u00e1ntos recursos se destinar\u00e1n pero s\u00ed confirm\u00f3 que<strong>\u00a0las tareas comenzar\u00e1n en septiembre<\/strong>\u00a0y que luego se reforzar\u00e1n las \u00e1reas cr\u00edticas, fundamentalmente en el Este. Y aventur\u00f3 que\u00a0<strong>quiz\u00e1s ser\u00e1 menor el financiamiento<\/strong>.<\/p>\n\n\n\n<p>&#8220;Quiero<strong>&nbsp;llevar tranquilidad<\/strong>&nbsp;a los productores porque de alguna manera vamos a hacer el operativo. Estamos analizando el costo. El&nbsp;<strong>Instituto de Sanidad y Calidad Agropecuaria Mendoza (Iscamen)<\/strong>&nbsp;arroj\u00f3 un c\u00e1lculo de&nbsp;<strong>13 millones de d\u00f3lares<\/strong>&nbsp;para que los transfiera la Naci\u00f3n, pero ya sabemos que no lo har\u00e1&#8221;, apunt\u00f3 el ministro.<\/p>\n\n\n\n<p>&#8220;Seguramente ser\u00e1 un\u00a0<strong>monto menor<\/strong>, lo estamos estudiando&#8221;, solt\u00f3 Vargas Arizu.<\/p>\n\n\n\n<h2 class=\"wp-block-heading\"><strong>Un informe del Iscamen alert\u00f3 a los productores<\/strong><\/h2>\n\n\n\n<p>A 20 d\u00edas del comienzo del operativo sanitario contra la<strong>\u00a0lobesia botrana<\/strong>, seg\u00fan el plan del mismo Iscamen, un informe estim\u00f3 el nivel de da\u00f1o de la plaga, que podr\u00eda recrudecer por haber aplicado medidas &#8220;en funci\u00f3n de los recursos&#8221;.<\/p>\n\n\n\n<p>Todos los a\u00f1os, el Iscamen realiza con los productores un informe para analizar el combate que se hizo en las temporadas anteriores en una campa\u00f1a que se extiende hasta noviembre y cu\u00e1l es&nbsp;<strong>la proyecci\u00f3n que se hace de la afectaci\u00f3n<\/strong>&nbsp;para este per\u00edodo.<\/p>\n\n\n\n<p>&#8220;Se informa que ante la situaci\u00f3n de\u00a0<strong>no implementarse planes de control en grandes \u00e1reas<\/strong>, resulta probable un<strong>\u00a0crecimiento en las poblaciones de la plaga en magnitudes cercanas a las obtenidas en la campa\u00f1a 2014\/2015<\/strong>, donde adem\u00e1s de las elevadas poblaciones del insecto se pudo apreciar\u00a0<strong>cuantiosos da\u00f1os en la producci\u00f3n<\/strong>, con p\u00e9rdidas totales en casos de propiedades ubicadas en dichas \u00e1reas&#8221;, se consigna en el informe.<\/p>\n\n\n\n<p>Y se indic\u00f3 que: &#8220;Como se ha informado en puntos anteriores, la oportunidad de disponibilidad de los fondos determin\u00f3 que se aplicara en el programa las herramientas de control acordes al momento de control de la plaga, por lo que,&nbsp;<strong>no habi\u00e9ndose dispuesto de los mismos para los meses de julio-agosto, no pudo contarse con la principal alternativa de control (los emisores de feromona).&nbsp;<\/strong>En este sentido, se informa que se habr\u00eda alcanzado una contenci\u00f3n de las poblaciones en la mayor parte del territorio, pero la&nbsp;<strong>extemporaneidad en la disponibilidad de los fondos hizo que el impacto no fuera el deseable<\/strong>, habi\u00e9ndose podido alcanzar mucho mejores resultados con la misma cantidad de fondos en caso de haberse dispuesto de los mismos en tiempo y forma&#8221;.<\/p>\n\n\n\n<p>&#8220;Tambi\u00e9n es&nbsp;<strong>esperable perder los avances alcanzados en el Oasis Sur<\/strong>, ya que al incrementarse las poblaciones en general, se incrementan las probabilidades de&nbsp;<strong>reintroducciones de la plaga a \u00e1reas que ya se encuentran limpias por los trabajos efectuados en campa\u00f1as anteriores&#8221;<\/strong>, ampl\u00eda.<\/p>\n\n\n\n<p>Seg\u00fan diversas fuentes, el tema&nbsp;<em>lobesia<\/em>&nbsp;genera mayor inquietud que la lucha antigranizo o&nbsp;<strong>el seguro agr\u00edcola<\/strong>, que se anunciar\u00e1 este viernes con un Fondo Compensador para las heladas y el granizo.<\/p>\n\n\n\n<p>&#8220;Al no haber asignado los recursos que se necesitaban ahora tenemos el riesgo de una alta afectaci\u00f3n tanto de lobesia como de mosca del mediterr\u00e1neo en \u00e1reas donde hubo avances significativos en otro momento.&nbsp;<strong>Este problema es ahora y las heladas y el granizo vendr\u00e1n despu\u00e9s.<\/strong>&nbsp;Hay que ver si deja algo el insecto&#8221;, opin\u00f3 el Director Ejecutivo del Centro de Vi\u00f1ateros y Bodegueros del Este,&nbsp;<strong>Mauro Sosa<\/strong>.<\/p>\n\n\n\n<p>Sosa y parte de la entidad mantuvieron una\u00a0<strong>reuni\u00f3n<\/strong>\u00a0la semana pasada con Vargas Arizu en donde ya hab\u00eda confirmado que la provincia se har\u00eda cargo del operativo.<\/p>\n\n\n\n<p><strong>Fuente: www.diariouno.com.ar<\/strong><\/p>\n","protected":false},"excerpt":{"rendered":"<p>El ministro de la Producci\u00f3n,\u00a0Rodolfo Vargas Arizu, asegur\u00f3 que la provincia est\u00e1 buscando los fondos para el combate de la\u00a0lobesia botrana\u00a0y destac\u00f3: &#8220;la fumigaci\u00f3n la vamos a hacer en tiempo y forma\u00a0y luego vamos a profundizar en las \u00e1reas de mayor riesgo, como es el Este&#8221;. Recalc\u00f3 que los cambios en la lucha antigranizo, y [&hellip;]<\/p>\n","protected":false},"author":2,"featured_media":8849,"comment_status":"open","ping_status":"open","sticky":false,"template":"","format":"standard","meta":[],"categories":[87],"tags":[],"_links":{"self":[{"href":"https:\/\/pasaenmendoza.com\/index.php?rest_route=\/wp\/v2\/posts\/8848"}],"collection":[{"href":"https:\/\/pasaenmendoza.com\/index.php?rest_route=\/wp\/v2\/posts"}],"about":[{"href":"https:\/\/pasaenmendoza.com\/index.php?rest_route=\/wp\/v2\/types\/post"}],"author":[{"embeddable":true,"href":"https:\/\/pasaenmendoza.com\/index.php?rest_route=\/wp\/v2\/users\/2"}],"replies":[{"embeddable":true,"href":"https:\/\/pasaenmendoza.com\/index.php?rest_route=%2Fwp%2Fv2%2Fcomments&post=8848"}],"version-history":[{"count":1,"href":"https:\/\/pasaenmendoza.com\/index.php?rest_route=\/wp\/v2\/posts\/8848\/revisions"}],"predecessor-version":[{"id":8850,"href":"https:\/\/pasaenmendoza.com\/index.php?rest_route=\/wp\/v2\/posts\/8848\/revisions\/8850"}],"wp:featuredmedia":[{"embeddable":true,"href":"https:\/\/pasaenmendoza.com\/index.php?rest_route=\/wp\/v2\/media\/8849"}],"wp:attachment":[{"href":"https:\/\/pasaenmendoza.com\/index.php?rest_route=%2Fwp%2Fv2%2Fmedia&parent=8848"}],"wp:term":[{"taxonomy":"category","embeddable":true,"href":"https:\/\/pasaenmendoza.com\/index.php?rest_route=%2Fwp%2Fv2%2Fcategories&post=8848"},{"taxonomy":"post_tag","embeddable":true,"href":"https:\/\/pasaenmendoza.com\/index.php?rest_route=%2Fwp%2Fv2%2Ftags&post=8848"}],"curies":[{"name":"wp","href":"https:\/\/api.w.org\/{rel}","templated":true}]}}