{"id":8851,"date":"2024-08-07T23:08:16","date_gmt":"2024-08-07T21:08:16","guid":{"rendered":"https:\/\/pasaenmendoza.com\/?p=8851"},"modified":"2024-08-07T23:08:17","modified_gmt":"2024-08-07T21:08:17","slug":"nuevo-aumento-de-la-luz-en-mendoza-de-cuanto-es-y-cuando-empieza-a-regir","status":"publish","type":"post","link":"https:\/\/pasaenmendoza.com\/?p=8851","title":{"rendered":"Nuevo aumento de la luz en Mendoza: de cu\u00e1nto es y cu\u00e1ndo empieza a regir"},"content":{"rendered":"\n<p>El\u00a0<strong>Gobierno de Mendoza\u00a0<\/strong>confirm\u00f3 este mi\u00e9rcoles los nuevos cuadros tarifarios de la tarifa el\u00e9ctrica cuyo\u00a0aumento\u00a0promedio para el usuario final es del 7%. Este incremento entr\u00f3 en vigencia<strong>\u00a0a partir del 1 de agosto.<\/strong><\/p>\n\n\n\n<p>La decisi\u00f3n se tom\u00f3 a trav\u00e9s de las resoluciones 135 y 137 del Ente Provincial Regulador El\u00e9ctrico (EPRE) publicadas este mi\u00e9rcoles en el Bolet\u00edn Oficial.<\/p>\n\n\n\n<p>Desde el EPRE explicaron que este nuevo cuadro tarifario corresponde al incremento del \u00faltimo tramo del Valor Agregado de Distribuci\u00f3n (VAD) que no se aplic\u00f3 en mayo y fue prorrateado en los meses de junio, julio y agosto, m\u00e1s el aumento que dispuso la Secretar\u00eda de Energ\u00eda de la Naci\u00f3n.<\/p>\n\n\n\n<p>Por otra parte, a\u00fan falta que el Gobierno\u00a0defina que har\u00e1 con el aumento solicitado en la audiencia p\u00fablica realizada el 4 de julio\u00a0pasado y que tambi\u00e9n deber\u00eda entrar en vigencia durante agosto.<\/p>\n\n\n\n<p>Si bien las audiencias no son vinculantes, el EPRE y las distribuidoras presentar\u00e1n sus estudios de costos y aseguraron que el incremento promedio ser\u00eda del 12%. A pesar de esto, la definici\u00f3n del aumento (porcentaje y fecha de entrada en vigencia) es potestad del gobernador,<strong>\u00a0que habitualmente respeta la sugerencia del ente de control<\/strong>.<\/p>\n\n\n\n<p><strong>Fuente: www.elsol.com.ar<\/strong><\/p>\n","protected":false},"excerpt":{"rendered":"<p>El\u00a0Gobierno de Mendoza\u00a0confirm\u00f3 este mi\u00e9rcoles los nuevos cuadros tarifarios de la tarifa el\u00e9ctrica cuyo\u00a0aumento\u00a0promedio para el usuario final es del 7%. Este incremento entr\u00f3 en vigencia\u00a0a partir del 1 de agosto. La decisi\u00f3n se tom\u00f3 a trav\u00e9s de las resoluciones 135 y 137 del Ente Provincial Regulador El\u00e9ctrico (EPRE) publicadas este mi\u00e9rcoles en el Bolet\u00edn [&hellip;]<\/p>\n","protected":false},"author":2,"featured_media":8852,"comment_status":"open","ping_status":"open","sticky":false,"template":"","format":"standard","meta":[],"categories":[79],"tags":[],"_links":{"self":[{"href":"https:\/\/pasaenmendoza.com\/index.php?rest_route=\/wp\/v2\/posts\/8851"}],"collection":[{"href":"https:\/\/pasaenmendoza.com\/index.php?rest_route=\/wp\/v2\/posts"}],"about":[{"href":"https:\/\/pasaenmendoza.com\/index.php?rest_route=\/wp\/v2\/types\/post"}],"author":[{"embeddable":true,"href":"https:\/\/pasaenmendoza.com\/index.php?rest_route=\/wp\/v2\/users\/2"}],"replies":[{"embeddable":true,"href":"https:\/\/pasaenmendoza.com\/index.php?rest_route=%2Fwp%2Fv2%2Fcomments&post=8851"}],"version-history":[{"count":1,"href":"https:\/\/pasaenmendoza.com\/index.php?rest_route=\/wp\/v2\/posts\/8851\/revisions"}],"predecessor-version":[{"id":8853,"href":"https:\/\/pasaenmendoza.com\/index.php?rest_route=\/wp\/v2\/posts\/8851\/revisions\/8853"}],"wp:featuredmedia":[{"embeddable":true,"href":"https:\/\/pasaenmendoza.com\/index.php?rest_route=\/wp\/v2\/media\/8852"}],"wp:attachment":[{"href":"https:\/\/pasaenmendoza.com\/index.php?rest_route=%2Fwp%2Fv2%2Fmedia&parent=8851"}],"wp:term":[{"taxonomy":"category","embeddable":true,"href":"https:\/\/pasaenmendoza.com\/index.php?rest_route=%2Fwp%2Fv2%2Fcategories&post=8851"},{"taxonomy":"post_tag","embeddable":true,"href":"https:\/\/pasaenmendoza.com\/index.php?rest_route=%2Fwp%2Fv2%2Ftags&post=8851"}],"curies":[{"name":"wp","href":"https:\/\/api.w.org\/{rel}","templated":true}]}}