{"id":8857,"date":"2024-08-07T23:17:58","date_gmt":"2024-08-07T21:17:58","guid":{"rendered":"https:\/\/pasaenmendoza.com\/?p=8857"},"modified":"2024-08-07T23:17:59","modified_gmt":"2024-08-07T21:17:59","slug":"el-concejo-deliberante-de-santa-rosa-aprobo-la-suspension-de-las-fotomultas-pero-aun-estan-vigentes","status":"publish","type":"post","link":"https:\/\/pasaenmendoza.com\/?p=8857","title":{"rendered":"El Concejo Deliberante de Santa Rosa aprob\u00f3 la suspensi\u00f3n de las fotomultas pero a\u00fan est\u00e1n vigentes"},"content":{"rendered":"\n<p>El\u00a0<strong>Concejo Deliberante de Santa Rosa\u00a0<\/strong>determin\u00f3 la\u00a0<strong>suspensi\u00f3n\u00a0<\/strong>del sistema de\u00a0<strong>fotomultas<\/strong>. Esto por considerar que el proceso administrativo para ponerlas en marcha no fue el correcto, ya que deber\u00eda haber pasado por este \u00f3rgano deliberativo para su aprobaci\u00f3n o rechazo.<\/p>\n\n\n\n<p>La votaci\u00f3n fue por&nbsp;<strong>6 votos a favor&nbsp;<\/strong>de la suspensi\u00f3n, que provinieron de la oposici\u00f3n a la gesti\u00f3n de Flor Dest\u00e1fanis, y<strong>&nbsp;4 en contra<\/strong>, de los concejales del Frente de Todos.<\/p>\n\n\n\n<p>Sin embargo, hay que aclarar que el\u00a0<strong>sistema a\u00fan est\u00e1 vigente<\/strong>\u00a0porque la ordenanza pas\u00f3 al Ejecutivo, que tiene la facultad de vetarlo o no. Si esto sucede, el Concejo Deliberante puede volver a insistir con la normativa. As\u00ed lo explic\u00f3 Gabriel Abruzzese, asesor letrado del Concejo Deliberante de Santa Rosa.<\/p>\n\n\n\n<p>Desde la<strong>\u00a0intendencia<\/strong>\u00a0aclararon que la decisi\u00f3n de\u00a0<strong>suspender el sistema de fotomultas no le corresponde al Concejo Deliberante<\/strong>, pero que de todas maneras, a\u00fan no hay certezas de lo que la intendenta Dest\u00e9fanis decidir\u00e1 al respecto.<\/p>\n\n\n\n<h2 class=\"wp-block-heading\">Por qu\u00e9 se pidi\u00f3 la suspensi\u00f3n del sistema de fotomultas<\/h2>\n\n\n\n<p>El asesor letrado explic\u00f3 cu\u00e1les fueron los cuestionamientos que lo llevaron a sugerir la suspensi\u00f3n de las fotomultas. En primer lugar, puso en duda la legalidad del proceso de adjudicaci\u00f3n y el convenio con la empresa FTL SA, propietaria de las c\u00e1maras y radares.<\/p>\n\n\n\n<p>Inicialmente, la informaci\u00f3n fue obtenida a trav\u00e9s de un pedido de informe, cuya respuesta fue analizada por Abruzzese, identificando varias irregularidades.<\/p>\n\n\n\n<p>En detalle, Abruzzese se\u00f1al\u00f3 algunos problemas clave. Para empezar que la adjudicaci\u00f3n a la empresa &#8220;fue realizada de manera unilateral por el municipio&#8221;, dijo.<\/p>\n\n\n\n<p>Por otra parte, y al tratarse de un tema que afecta el patrimonio municipal, deber\u00eda haber sido tratado por el Concejo Deliberante.<\/p>\n\n\n\n<p>Adem\u00e1s, se firm\u00f3 un contrato de locaci\u00f3n de servicios en lugar de un convenio marco con la empresa, el segundo es el sistema correcto, apunt\u00f3 el letrado.<\/p>\n\n\n\n<p>Por \u00faltimo, Abruzzese mencion\u00f3 que el Concejo Deliberante no tuvo la oportunidad de evaluar si hab\u00eda opciones m\u00e1s beneficiosas con la empresa, que retiene el 57% de la recaudaci\u00f3n de las multas.<\/p>\n\n\n\n<p>Debido a estas razones, la oposici\u00f3n a la actual gesti\u00f3n municipal pidi\u00f3 la suspensi\u00f3n de las fotomultas y esta fue aprobada. Sin embargo, vale destacar que el sistema sigue vigente.<\/p>\n\n\n\n<h2 class=\"wp-block-heading\">Un trasfondo pol\u00edtico<\/h2>\n\n\n\n<p>En cuanto a la situaci\u00f3n de la comuna, es necesario mencionar cu\u00e1l es el<strong>&nbsp;trasfondo pol\u00edtico en Santa Rosa&nbsp;<\/strong>en el que se desarroll\u00f3 el&nbsp;<strong>pedido de suspensi\u00f3n de las fotomultas.<\/strong><\/p>\n\n\n\n<p>Hace aproximadamente un mes, hubo un &#8220;sismo&#8221; en el Concejo de este departamento. En ese momento, el oficialismo contaba con 6 miembros y la oposici\u00f3n con 4. Sin embargo, dos concejalas que le respond\u00edan a Dest\u00e9fanis -D\u00e9bora Quiroga y Mar\u00eda Jos\u00e9 Buffa- decidieron abrirse y formar un bloque aparte. Esto fue despu\u00e9s de que Quiroga denunciara al entonces concejal Diego Foco, quien adem\u00e1s es el marido de la intendenta.<\/p>\n\n\n\n<p>La denuncia fue por persecuci\u00f3n pol\u00edtica, entre otras cuestiones. Lo cierto es que Diego Foco renunci\u00f3 a su banca, lo hizo junto a otro concejal del PJ, Hern\u00e1n Duve, y el argumento que dieron fue que deb\u00eda mantenerse la paridad de g\u00e9nero, y como se fueron dos concejalas, ten\u00edan que entrar otras dos. As\u00ed le dieron lugar a Melisa Ib\u00e1\u00f1ez y Romina Donaire.<\/p>\n\n\n\n<p>De todas maneras, el &#8220;\u00e9xodo&#8221; de Quiroga y Buffa dej\u00f3 al bloque oficialista en minor\u00eda y esto va comenz\u00f3 a repercutir con la votaci\u00f3n de la suspensi\u00f3n de las fotomultas.<\/p>\n\n\n\n<p>Adem\u00e1s, Quiroga qued\u00f3 como presidenta del Concejo Deliberante, y fue quien nombr\u00f3 al asesor letrado Abruzzese.<\/p>\n\n\n\n<p><strong>Fuente: www.diariouno.com.ar<\/strong><\/p>\n","protected":false},"excerpt":{"rendered":"<p>El\u00a0Concejo Deliberante de Santa Rosa\u00a0determin\u00f3 la\u00a0suspensi\u00f3n\u00a0del sistema de\u00a0fotomultas. Esto por considerar que el proceso administrativo para ponerlas en marcha no fue el correcto, ya que deber\u00eda haber pasado por este \u00f3rgano deliberativo para su aprobaci\u00f3n o rechazo. La votaci\u00f3n fue por&nbsp;6 votos a favor&nbsp;de la suspensi\u00f3n, que provinieron de la oposici\u00f3n a la gesti\u00f3n de [&hellip;]<\/p>\n","protected":false},"author":2,"featured_media":8858,"comment_status":"open","ping_status":"open","sticky":false,"template":"","format":"standard","meta":[],"categories":[47],"tags":[],"_links":{"self":[{"href":"https:\/\/pasaenmendoza.com\/index.php?rest_route=\/wp\/v2\/posts\/8857"}],"collection":[{"href":"https:\/\/pasaenmendoza.com\/index.php?rest_route=\/wp\/v2\/posts"}],"about":[{"href":"https:\/\/pasaenmendoza.com\/index.php?rest_route=\/wp\/v2\/types\/post"}],"author":[{"embeddable":true,"href":"https:\/\/pasaenmendoza.com\/index.php?rest_route=\/wp\/v2\/users\/2"}],"replies":[{"embeddable":true,"href":"https:\/\/pasaenmendoza.com\/index.php?rest_route=%2Fwp%2Fv2%2Fcomments&post=8857"}],"version-history":[{"count":1,"href":"https:\/\/pasaenmendoza.com\/index.php?rest_route=\/wp\/v2\/posts\/8857\/revisions"}],"predecessor-version":[{"id":8859,"href":"https:\/\/pasaenmendoza.com\/index.php?rest_route=\/wp\/v2\/posts\/8857\/revisions\/8859"}],"wp:featuredmedia":[{"embeddable":true,"href":"https:\/\/pasaenmendoza.com\/index.php?rest_route=\/wp\/v2\/media\/8858"}],"wp:attachment":[{"href":"https:\/\/pasaenmendoza.com\/index.php?rest_route=%2Fwp%2Fv2%2Fmedia&parent=8857"}],"wp:term":[{"taxonomy":"category","embeddable":true,"href":"https:\/\/pasaenmendoza.com\/index.php?rest_route=%2Fwp%2Fv2%2Fcategories&post=8857"},{"taxonomy":"post_tag","embeddable":true,"href":"https:\/\/pasaenmendoza.com\/index.php?rest_route=%2Fwp%2Fv2%2Ftags&post=8857"}],"curies":[{"name":"wp","href":"https:\/\/api.w.org\/{rel}","templated":true}]}}